{"id":32939,"date":"2011-03-06T09:30:22","date_gmt":"2011-03-06T08:30:22","guid":{"rendered":"https:\/\/projetcoal.org\/uncategorized\/lesthetique-verte-de-la-representation-a-la-presentation-de-la-nature-loic-fel-editions-champ-vallon\/"},"modified":"2011-03-06T09:30:22","modified_gmt":"2011-03-06T08:30:22","slug":"lesthetique-verte-de-la-representation-a-la-presentation-de-la-nature-loic-fel-editions-champ-vallon","status":"publish","type":"post","link":"https:\/\/projetcoal.org\/en\/sharing\/publications-3\/lesthetique-verte-de-la-representation-a-la-presentation-de-la-nature-loic-fel-editions-champ-vallon\/","title":{"rendered":"L&#8217;esth\u00e9tique verte, de la repr\u00e9sentation \u00e0 la pr\u00e9sentation de la nature, Lo\u00efc Fel, \u00c9ditions Champ Vallon"},"content":{"rendered":"<p><img loading=\"lazy\" decoding=\"async\" class=\"alignnone size-full wp-image-578\" title=\"1228071770-1\" src=\"https:\/\/projetcoal.org\/wp-content\/uploads\/2011\/04\/1228071770-1-e1302087136248.jpg\" alt=\"\" width=\"230\" height=\"400\"><\/p>\n<p><strong>Ecology provokes a cultural upheaval that extends to the aesthetic experience. Lo\u00efc Fel, philosopher and director of sustainable development, analyzes for the first time this ongoing transformation.<br \/>\n<\/strong><br \/>\nEcology as a science carries with it a cultural revolution: the end of the perception of nature as an environment, an aggregate of objects placed side by side, to approach it as a system: an ecosystem. Accelerated by the challenges of global warming and the erosion of biodiversity, ecology puts an end to the idea of representation of nature, original source of art for millennia, to replace it with an approach of &#8220;presentation&#8221; of nature, explaining its functioning, and revealing the extent of the impact of human activities on the living.<br \/>\nArt, media, advertising, individual sensibility integrate today this rarely analyzed &#8220;green&#8221; dimension. It is the history of this cultural change that The Green Aesthetic makes explicit.<\/p>\n<p>The new &#8220;eco-systemic&#8221; approach inspires and triggers new aesthetic figures. Artists, urban planners and designers are now linking aesthetics and ecology through concrete creations: green corridors, ephemeral installations in natural materials, direct aesthetization of living organisms, in situ works in natural spaces, etc.<br \/>\nGathered under the notion of green aesthetics, these experiences are related to the field of knowledge, technology and land use.<\/p>\n<p>The aesthetic begins a mutation: ceasing to be decorated of the daily relation to the world, it translates as much as it accompanies the cultural change in progress: that of the ecology.<\/p>\n<p>The author<br \/>\nLo\u00efc Fel, 28 years old, is a philosopher, responsible for sustainable development in a large advertising agency. Doctor of philosophy from the University of Paris-1-Panth\u00e9on-Sorbonne, L. Fel is co-founder of the association COAL, the coalition for art and sustainable development<a href=\"http:\/\/coal.blogspirit.com\/a-propose-de-coal\/\" target=\"_blank\" rel=\"noopener\">(www.projetcoal.fr)<\/a>. He is also the organizer of the colloquium &#8220;Ecology: science, art and society&#8221; at the Sorbonne (2007) and of the seminar on the philosophy of landscape sciences at the Institut d&#8217;Histoire et de Philosophie des Sciences (2008-2009). Blog : <a href=\"http:\/\/ecologie-esthetique.blogspirit.com\/\" target=\"_blank\" rel=\"noopener\">ecologie-esthetique.blogspirit.com<\/a><\/p>\n<p>The green aesthetic<br \/>\nFrom representation to presentation of nature<br \/>\nLo\u00efc Fel<br \/>\nPaperback, 14 x 22 cm, 352 pages, 25 euros<br \/>\nRelease date: October 30, 2009,<br \/>\nSummary : <a href=\"http:\/\/www.champ-vallon.com\/Pages\/Pagespays\/Fel2a.html\" target=\"_blank\" rel=\"noopener\">click here<\/a><br \/>\nAmazon link : <a href=\"http:\/\/www.amazon.fr\/LEsth%C3%A9tique-verte-repr%C3%A9sentation-pr%C3%A9sentation-nature\/dp\/2876735172\/ref=sr_1_1?ie=UTF8&amp;s=books&amp;qid=1255740850&amp;sr=1-1http:\/\/www.amazon.fr\/LEsth%C3%A9tique-verte-repr%C3%A9sentation-pr%C3%A9sentation-nature\/dp\/2876735172\/ref=sr_1_1?ie=UTF8&amp;s=books&amp;qid=1255740850&amp;sr=1-1\" target=\"_blank\" rel=\"noopener\">click here<\/a><\/p>\n<p>\u00c9ditions Champ Vallon<br \/>\n01420 Seyssel<br \/>\ntel. : 04 50 56 15 51<br \/>\n<a href=\"http:\/\/www.champ-vallon.com\/\" target=\"_blank\" rel=\"noopener\">www.champ-vallon.com<\/a><br \/>\nEmail: <a href=\"mailto:info@champ-vallon.com\">info@champ-vallon.com<\/a><\/p>\n<p>&nbsp;<\/p>\n","protected":false},"excerpt":{"rendered":"<p>Ecology provokes a cultural upheaval that extends to the aesthetic experience. Lo\u00efc Fel, philosopher and director of sustainable development, analyzes for the first time this ongoing transformation. Ecology as a science carries with it a cultural revolution: the end of the perception of nature as an environment, an aggregate of objects placed side by side, [&hellip;]<\/p>\n","protected":false},"author":1,"featured_media":24805,"comment_status":"open","ping_status":"open","sticky":false,"template":"","format":"standard","meta":{"_acf_changed":false,"footnotes":""},"categories":[157,173],"tags":[],"class_list":["post-32939","post","type-post","status-publish","format-standard","has-post-thumbnail","hentry","category-publications-3","category-sharing"],"acf":[],"yoast_head":"<!-- This site is optimized with the Yoast SEO plugin v26.2 - https:\/\/yoast.com\/wordpress\/plugins\/seo\/ -->\n<title>L&#039;esth\u00e9tique verte, de la repr\u00e9sentation \u00e0 la pr\u00e9sentation de la nature, Lo\u00efc Fel, \u00c9ditions Champ Vallon - COAL<\/title>\n<meta name=\"robots\" content=\"index, follow, max-snippet:-1, max-image-preview:large, max-video-preview:-1\" \/>\n<link rel=\"canonical\" href=\"https:\/\/projetcoal.org\/en\/sharing\/publications-3\/lesthetique-verte-de-la-representation-a-la-presentation-de-la-nature-loic-fel-editions-champ-vallon\/\" \/>\n<meta property=\"og:locale\" content=\"en_US\" \/>\n<meta property=\"og:type\" content=\"article\" \/>\n<meta property=\"og:title\" content=\"L&#039;esth\u00e9tique verte, de la repr\u00e9sentation \u00e0 la pr\u00e9sentation de la nature, Lo\u00efc Fel, \u00c9ditions Champ Vallon - COAL\" \/>\n<meta property=\"og:url\" content=\"https:\/\/projetcoal.org\/en\/sharing\/publications-3\/lesthetique-verte-de-la-representation-a-la-presentation-de-la-nature-loic-fel-editions-champ-vallon\/\" \/>\n<meta property=\"og:site_name\" content=\"COAL\" \/>\n<meta property=\"article:publisher\" content=\"https:\/\/www.facebook.com\/coalparis\/\" \/>\n<meta property=\"article:published_time\" content=\"2011-03-06T08:30:22+00:00\" \/>\n<meta property=\"og:image\" content=\"https:\/\/projetcoal.org\/wp-content\/uploads\/2011\/04\/1228071770-1-e1302087136248.jpg\" \/>\n<meta name=\"author\" content=\"COAL\" \/>\n<meta name=\"twitter:card\" content=\"summary_large_image\" \/>\n<meta name=\"twitter:label1\" content=\"Written by\" \/>\n\t<meta name=\"twitter:data1\" content=\"COAL\" \/>\n\t<meta name=\"twitter:label2\" content=\"Est. reading time\" \/>\n\t<meta name=\"twitter:data2\" content=\"2 minutes\" \/>\n<script type=\"application\/ld+json\" class=\"yoast-schema-graph\">{\"@context\":\"https:\/\/schema.org\",\"@graph\":[{\"@type\":\"Article\",\"@id\":\"https:\/\/projetcoal.org\/en\/sharing\/publications-3\/lesthetique-verte-de-la-representation-a-la-presentation-de-la-nature-loic-fel-editions-champ-vallon\/#article\",\"isPartOf\":{\"@id\":\"https:\/\/projetcoal.org\/en\/sharing\/publications-3\/lesthetique-verte-de-la-representation-a-la-presentation-de-la-nature-loic-fel-editions-champ-vallon\/\"},\"author\":{\"name\":\"COAL\",\"@id\":\"https:\/\/projetcoal.org\/en\/#\/schema\/person\/61725f97f01129ca126c9ac3775f30f4\"},\"headline\":\"L&#8217;esth\u00e9tique verte, de la repr\u00e9sentation \u00e0 la pr\u00e9sentation de la nature, Lo\u00efc Fel, \u00c9ditions Champ Vallon\",\"datePublished\":\"2011-03-06T08:30:22+00:00\",\"mainEntityOfPage\":{\"@id\":\"https:\/\/projetcoal.org\/en\/sharing\/publications-3\/lesthetique-verte-de-la-representation-a-la-presentation-de-la-nature-loic-fel-editions-champ-vallon\/\"},\"wordCount\":386,\"commentCount\":0,\"publisher\":{\"@id\":\"https:\/\/projetcoal.org\/en\/#organization\"},\"image\":{\"@id\":\"https:\/\/projetcoal.org\/en\/sharing\/publications-3\/lesthetique-verte-de-la-representation-a-la-presentation-de-la-nature-loic-fel-editions-champ-vallon\/#primaryimage\"},\"thumbnailUrl\":\"https:\/\/projetcoal.org\/wp-content\/uploads\/2011\/04\/1228071770-1-e1302087136248.jpg\",\"articleSection\":[\"PUBLICATIONS\",\"SHARING\"],\"inLanguage\":\"en-US\",\"potentialAction\":[{\"@type\":\"CommentAction\",\"name\":\"Comment\",\"target\":[\"https:\/\/projetcoal.org\/en\/sharing\/publications-3\/lesthetique-verte-de-la-representation-a-la-presentation-de-la-nature-loic-fel-editions-champ-vallon\/#respond\"]}]},{\"@type\":\"WebPage\",\"@id\":\"https:\/\/projetcoal.org\/en\/sharing\/publications-3\/lesthetique-verte-de-la-representation-a-la-presentation-de-la-nature-loic-fel-editions-champ-vallon\/\",\"url\":\"https:\/\/projetcoal.org\/en\/sharing\/publications-3\/lesthetique-verte-de-la-representation-a-la-presentation-de-la-nature-loic-fel-editions-champ-vallon\/\",\"name\":\"L'esth\u00e9tique verte, de la repr\u00e9sentation \u00e0 la pr\u00e9sentation de la nature, Lo\u00efc Fel, \u00c9ditions Champ Vallon - COAL\",\"isPartOf\":{\"@id\":\"https:\/\/projetcoal.org\/en\/#website\"},\"primaryImageOfPage\":{\"@id\":\"https:\/\/projetcoal.org\/en\/sharing\/publications-3\/lesthetique-verte-de-la-representation-a-la-presentation-de-la-nature-loic-fel-editions-champ-vallon\/#primaryimage\"},\"image\":{\"@id\":\"https:\/\/projetcoal.org\/en\/sharing\/publications-3\/lesthetique-verte-de-la-representation-a-la-presentation-de-la-nature-loic-fel-editions-champ-vallon\/#primaryimage\"},\"thumbnailUrl\":\"https:\/\/projetcoal.org\/wp-content\/uploads\/2011\/04\/1228071770-1-e1302087136248.jpg\",\"datePublished\":\"2011-03-06T08:30:22+00:00\",\"breadcrumb\":{\"@id\":\"https:\/\/projetcoal.org\/en\/sharing\/publications-3\/lesthetique-verte-de-la-representation-a-la-presentation-de-la-nature-loic-fel-editions-champ-vallon\/#breadcrumb\"},\"inLanguage\":\"en-US\",\"potentialAction\":[{\"@type\":\"ReadAction\",\"target\":[\"https:\/\/projetcoal.org\/en\/sharing\/publications-3\/lesthetique-verte-de-la-representation-a-la-presentation-de-la-nature-loic-fel-editions-champ-vallon\/\"]}]},{\"@type\":\"ImageObject\",\"inLanguage\":\"en-US\",\"@id\":\"https:\/\/projetcoal.org\/en\/sharing\/publications-3\/lesthetique-verte-de-la-representation-a-la-presentation-de-la-nature-loic-fel-editions-champ-vallon\/#primaryimage\",\"url\":\"https:\/\/projetcoal.org\/wp-content\/uploads\/2011\/04\/1228071770-1-e1302087136248.jpg\",\"contentUrl\":\"https:\/\/projetcoal.org\/wp-content\/uploads\/2011\/04\/1228071770-1-e1302087136248.jpg\",\"width\":191,\"height\":300},{\"@type\":\"BreadcrumbList\",\"@id\":\"https:\/\/projetcoal.org\/en\/sharing\/publications-3\/lesthetique-verte-de-la-representation-a-la-presentation-de-la-nature-loic-fel-editions-champ-vallon\/#breadcrumb\",\"itemListElement\":[{\"@type\":\"ListItem\",\"position\":1,\"name\":\"SHARING\",\"item\":\"https:\/\/projetcoal.org\/en\/actions\/sharing\/\"},{\"@type\":\"ListItem\",\"position\":2,\"name\":\"PUBLICATIONS\",\"item\":\"https:\/\/projetcoal.org\/en\/actions\/sharing\/publications-3\/\"},{\"@type\":\"ListItem\",\"position\":3,\"name\":\"L'esth\u00e9tique verte, de la repr\u00e9sentation \u00e0 la pr\u00e9sentation de la nature, Lo\u00efc Fel, \u00c9ditions Champ Vallon\"}]},{\"@type\":\"WebSite\",\"@id\":\"https:\/\/projetcoal.org\/en\/#website\",\"url\":\"https:\/\/projetcoal.org\/en\/\",\"name\":\"COAL\",\"description\":\"\",\"publisher\":{\"@id\":\"https:\/\/projetcoal.org\/en\/#organization\"},\"alternateName\":\"Coalition pour une \u00e9cologie culturelle\",\"potentialAction\":[{\"@type\":\"SearchAction\",\"target\":{\"@type\":\"EntryPoint\",\"urlTemplate\":\"https:\/\/projetcoal.org\/en\/?s={search_term_string}\"},\"query-input\":{\"@type\":\"PropertyValueSpecification\",\"valueRequired\":true,\"valueName\":\"search_term_string\"}}],\"inLanguage\":\"en-US\"},{\"@type\":\"Organization\",\"@id\":\"https:\/\/projetcoal.org\/en\/#organization\",\"name\":\"COAL\",\"alternateName\":\"Coalition pour une \u00e9cologie culturelle\",\"url\":\"https:\/\/projetcoal.org\/en\/\",\"logo\":{\"@type\":\"ImageObject\",\"inLanguage\":\"en-US\",\"@id\":\"https:\/\/projetcoal.org\/en\/#\/schema\/logo\/image\/\",\"url\":\"https:\/\/projetcoal.org\/wp-content\/uploads\/2022\/11\/og.jpg\",\"contentUrl\":\"https:\/\/projetcoal.org\/wp-content\/uploads\/2022\/11\/og.jpg\",\"width\":1200,\"height\":630,\"caption\":\"COAL\"},\"image\":{\"@id\":\"https:\/\/projetcoal.org\/en\/#\/schema\/logo\/image\/\"},\"sameAs\":[\"https:\/\/www.facebook.com\/coalparis\/\",\"https:\/\/www.instagram.com\/coal_art.ecologie\/\"]},{\"@type\":\"Person\",\"@id\":\"https:\/\/projetcoal.org\/en\/#\/schema\/person\/61725f97f01129ca126c9ac3775f30f4\",\"name\":\"COAL\",\"image\":{\"@type\":\"ImageObject\",\"inLanguage\":\"en-US\",\"@id\":\"https:\/\/projetcoal.org\/en\/#\/schema\/person\/image\/\",\"url\":\"https:\/\/secure.gravatar.com\/avatar\/ecfacda1a9f429615d099f92930a0a6f?s=96&d=mm&r=g\",\"contentUrl\":\"https:\/\/secure.gravatar.com\/avatar\/ecfacda1a9f429615d099f92930a0a6f?s=96&d=mm&r=g\",\"caption\":\"COAL\"},\"url\":\"https:\/\/projetcoal.org\/en\/author\/coal\/\"}]}<\/script>\n<!-- \/ Yoast SEO plugin. -->","yoast_head_json":{"title":"L'esth\u00e9tique verte, de la repr\u00e9sentation \u00e0 la pr\u00e9sentation de la nature, Lo\u00efc Fel, \u00c9ditions Champ Vallon - COAL","robots":{"index":"index","follow":"follow","max-snippet":"max-snippet:-1","max-image-preview":"max-image-preview:large","max-video-preview":"max-video-preview:-1"},"canonical":"https:\/\/projetcoal.org\/en\/sharing\/publications-3\/lesthetique-verte-de-la-representation-a-la-presentation-de-la-nature-loic-fel-editions-champ-vallon\/","og_locale":"en_US","og_type":"article","og_title":"L'esth\u00e9tique verte, de la repr\u00e9sentation \u00e0 la pr\u00e9sentation de la nature, Lo\u00efc Fel, \u00c9ditions Champ Vallon - COAL","og_url":"https:\/\/projetcoal.org\/en\/sharing\/publications-3\/lesthetique-verte-de-la-representation-a-la-presentation-de-la-nature-loic-fel-editions-champ-vallon\/","og_site_name":"COAL","article_publisher":"https:\/\/www.facebook.com\/coalparis\/","article_published_time":"2011-03-06T08:30:22+00:00","og_image":[{"url":"https:\/\/projetcoal.org\/wp-content\/uploads\/2011\/04\/1228071770-1-e1302087136248.jpg","type":"","width":"","height":""}],"author":"COAL","twitter_card":"summary_large_image","twitter_misc":{"Written by":"COAL","Est. reading time":"2 minutes"},"schema":{"@context":"https:\/\/schema.org","@graph":[{"@type":"Article","@id":"https:\/\/projetcoal.org\/en\/sharing\/publications-3\/lesthetique-verte-de-la-representation-a-la-presentation-de-la-nature-loic-fel-editions-champ-vallon\/#article","isPartOf":{"@id":"https:\/\/projetcoal.org\/en\/sharing\/publications-3\/lesthetique-verte-de-la-representation-a-la-presentation-de-la-nature-loic-fel-editions-champ-vallon\/"},"author":{"name":"COAL","@id":"https:\/\/projetcoal.org\/en\/#\/schema\/person\/61725f97f01129ca126c9ac3775f30f4"},"headline":"L&#8217;esth\u00e9tique verte, de la repr\u00e9sentation \u00e0 la pr\u00e9sentation de la nature, Lo\u00efc Fel, \u00c9ditions Champ Vallon","datePublished":"2011-03-06T08:30:22+00:00","mainEntityOfPage":{"@id":"https:\/\/projetcoal.org\/en\/sharing\/publications-3\/lesthetique-verte-de-la-representation-a-la-presentation-de-la-nature-loic-fel-editions-champ-vallon\/"},"wordCount":386,"commentCount":0,"publisher":{"@id":"https:\/\/projetcoal.org\/en\/#organization"},"image":{"@id":"https:\/\/projetcoal.org\/en\/sharing\/publications-3\/lesthetique-verte-de-la-representation-a-la-presentation-de-la-nature-loic-fel-editions-champ-vallon\/#primaryimage"},"thumbnailUrl":"https:\/\/projetcoal.org\/wp-content\/uploads\/2011\/04\/1228071770-1-e1302087136248.jpg","articleSection":["PUBLICATIONS","SHARING"],"inLanguage":"en-US","potentialAction":[{"@type":"CommentAction","name":"Comment","target":["https:\/\/projetcoal.org\/en\/sharing\/publications-3\/lesthetique-verte-de-la-representation-a-la-presentation-de-la-nature-loic-fel-editions-champ-vallon\/#respond"]}]},{"@type":"WebPage","@id":"https:\/\/projetcoal.org\/en\/sharing\/publications-3\/lesthetique-verte-de-la-representation-a-la-presentation-de-la-nature-loic-fel-editions-champ-vallon\/","url":"https:\/\/projetcoal.org\/en\/sharing\/publications-3\/lesthetique-verte-de-la-representation-a-la-presentation-de-la-nature-loic-fel-editions-champ-vallon\/","name":"L'esth\u00e9tique verte, de la repr\u00e9sentation \u00e0 la pr\u00e9sentation de la nature, Lo\u00efc Fel, \u00c9ditions Champ Vallon - COAL","isPartOf":{"@id":"https:\/\/projetcoal.org\/en\/#website"},"primaryImageOfPage":{"@id":"https:\/\/projetcoal.org\/en\/sharing\/publications-3\/lesthetique-verte-de-la-representation-a-la-presentation-de-la-nature-loic-fel-editions-champ-vallon\/#primaryimage"},"image":{"@id":"https:\/\/projetcoal.org\/en\/sharing\/publications-3\/lesthetique-verte-de-la-representation-a-la-presentation-de-la-nature-loic-fel-editions-champ-vallon\/#primaryimage"},"thumbnailUrl":"https:\/\/projetcoal.org\/wp-content\/uploads\/2011\/04\/1228071770-1-e1302087136248.jpg","datePublished":"2011-03-06T08:30:22+00:00","breadcrumb":{"@id":"https:\/\/projetcoal.org\/en\/sharing\/publications-3\/lesthetique-verte-de-la-representation-a-la-presentation-de-la-nature-loic-fel-editions-champ-vallon\/#breadcrumb"},"inLanguage":"en-US","potentialAction":[{"@type":"ReadAction","target":["https:\/\/projetcoal.org\/en\/sharing\/publications-3\/lesthetique-verte-de-la-representation-a-la-presentation-de-la-nature-loic-fel-editions-champ-vallon\/"]}]},{"@type":"ImageObject","inLanguage":"en-US","@id":"https:\/\/projetcoal.org\/en\/sharing\/publications-3\/lesthetique-verte-de-la-representation-a-la-presentation-de-la-nature-loic-fel-editions-champ-vallon\/#primaryimage","url":"https:\/\/projetcoal.org\/wp-content\/uploads\/2011\/04\/1228071770-1-e1302087136248.jpg","contentUrl":"https:\/\/projetcoal.org\/wp-content\/uploads\/2011\/04\/1228071770-1-e1302087136248.jpg","width":191,"height":300},{"@type":"BreadcrumbList","@id":"https:\/\/projetcoal.org\/en\/sharing\/publications-3\/lesthetique-verte-de-la-representation-a-la-presentation-de-la-nature-loic-fel-editions-champ-vallon\/#breadcrumb","itemListElement":[{"@type":"ListItem","position":1,"name":"SHARING","item":"https:\/\/projetcoal.org\/en\/actions\/sharing\/"},{"@type":"ListItem","position":2,"name":"PUBLICATIONS","item":"https:\/\/projetcoal.org\/en\/actions\/sharing\/publications-3\/"},{"@type":"ListItem","position":3,"name":"L'esth\u00e9tique verte, de la repr\u00e9sentation \u00e0 la pr\u00e9sentation de la nature, Lo\u00efc Fel, \u00c9ditions Champ Vallon"}]},{"@type":"WebSite","@id":"https:\/\/projetcoal.org\/en\/#website","url":"https:\/\/projetcoal.org\/en\/","name":"COAL","description":"","publisher":{"@id":"https:\/\/projetcoal.org\/en\/#organization"},"alternateName":"Coalition pour une \u00e9cologie culturelle","potentialAction":[{"@type":"SearchAction","target":{"@type":"EntryPoint","urlTemplate":"https:\/\/projetcoal.org\/en\/?s={search_term_string}"},"query-input":{"@type":"PropertyValueSpecification","valueRequired":true,"valueName":"search_term_string"}}],"inLanguage":"en-US"},{"@type":"Organization","@id":"https:\/\/projetcoal.org\/en\/#organization","name":"COAL","alternateName":"Coalition pour une \u00e9cologie culturelle","url":"https:\/\/projetcoal.org\/en\/","logo":{"@type":"ImageObject","inLanguage":"en-US","@id":"https:\/\/projetcoal.org\/en\/#\/schema\/logo\/image\/","url":"https:\/\/projetcoal.org\/wp-content\/uploads\/2022\/11\/og.jpg","contentUrl":"https:\/\/projetcoal.org\/wp-content\/uploads\/2022\/11\/og.jpg","width":1200,"height":630,"caption":"COAL"},"image":{"@id":"https:\/\/projetcoal.org\/en\/#\/schema\/logo\/image\/"},"sameAs":["https:\/\/www.facebook.com\/coalparis\/","https:\/\/www.instagram.com\/coal_art.ecologie\/"]},{"@type":"Person","@id":"https:\/\/projetcoal.org\/en\/#\/schema\/person\/61725f97f01129ca126c9ac3775f30f4","name":"COAL","image":{"@type":"ImageObject","inLanguage":"en-US","@id":"https:\/\/projetcoal.org\/en\/#\/schema\/person\/image\/","url":"https:\/\/secure.gravatar.com\/avatar\/ecfacda1a9f429615d099f92930a0a6f?s=96&d=mm&r=g","contentUrl":"https:\/\/secure.gravatar.com\/avatar\/ecfacda1a9f429615d099f92930a0a6f?s=96&d=mm&r=g","caption":"COAL"},"url":"https:\/\/projetcoal.org\/en\/author\/coal\/"}]}},"_links":{"self":[{"href":"https:\/\/projetcoal.org\/en\/wp-json\/wp\/v2\/posts\/32939","targetHints":{"allow":["GET"]}}],"collection":[{"href":"https:\/\/projetcoal.org\/en\/wp-json\/wp\/v2\/posts"}],"about":[{"href":"https:\/\/projetcoal.org\/en\/wp-json\/wp\/v2\/types\/post"}],"author":[{"embeddable":true,"href":"https:\/\/projetcoal.org\/en\/wp-json\/wp\/v2\/users\/1"}],"replies":[{"embeddable":true,"href":"https:\/\/projetcoal.org\/en\/wp-json\/wp\/v2\/comments?post=32939"}],"version-history":[{"count":0,"href":"https:\/\/projetcoal.org\/en\/wp-json\/wp\/v2\/posts\/32939\/revisions"}],"wp:featuredmedia":[{"embeddable":true,"href":"https:\/\/projetcoal.org\/en\/wp-json\/wp\/v2\/media\/24805"}],"wp:attachment":[{"href":"https:\/\/projetcoal.org\/en\/wp-json\/wp\/v2\/media?parent=32939"}],"wp:term":[{"taxonomy":"category","embeddable":true,"href":"https:\/\/projetcoal.org\/en\/wp-json\/wp\/v2\/categories?post=32939"},{"taxonomy":"post_tag","embeddable":true,"href":"https:\/\/projetcoal.org\/en\/wp-json\/wp\/v2\/tags?post=32939"}],"curies":[{"name":"wp","href":"https:\/\/api.w.org\/{rel}","templated":true}]}}