{"id":33167,"date":"2016-03-31T16:26:45","date_gmt":"2016-03-31T15:26:45","guid":{"rendered":"https:\/\/projetcoal.org\/uncategorized\/national-meeting-of-students-for-sustainable-development\/"},"modified":"2022-11-29T13:30:13","modified_gmt":"2022-11-29T12:30:13","slug":"national-meeting-of-students-for-sustainable-development","status":"publish","type":"post","link":"https:\/\/projetcoal.org\/en\/sharing\/national-meeting-of-students-for-sustainable-development\/","title":{"rendered":"National Meeting of Students for Sustainable Development"},"content":{"rendered":"<p><a href=\"https:\/\/projetcoal.org\/wp-content\/uploads\/2016\/03\/REFEDD_2.png\"><img loading=\"lazy\" decoding=\"async\" class=\"aligncenter size-full wp-image-13465\" title=\"REFEDD_2\" src=\"https:\/\/projetcoal.org\/wp-content\/uploads\/2016\/03\/REFEDD_2-e1459441593513.png\" alt=\"\" width=\"500\" height=\"183\" \/><\/a>Lo\u00efc FEL, philosopher and co-founder of COAL, will speak on Saturday, April 2, 2016 at the University of Paris 8 (Saint-Denis) from 10:45 a.m. to 1:00 p.m., as part of the <strong>National Meeting of Students for Sustainable Development<\/strong> for a roundtable discussion entitled &#8220;How to mobilize and raise awareness around climate: from communication to civil disobedience?&#8221;<\/p>\n<p>With :<br \/>\nMarion Esnault, Alternatiba; Sim\u00e9on Baldit de Barral, On the Green Road; Lo\u00efc Fel, COAL; Elliot Lepers, 90 days; moderated by Leslie Merran, WARN!<\/p>\n<p><span style=\"text-decoration: underline;\">Registration required<\/span>: campus(at)refedd.org or evenementiel(at)refedd.org<br \/>\n<strong>The National Student Meeting for Sustainable Development (RENEDD<\/strong>) is the flagship event of REFEDD. During two festive and formative days, it is an opportunity to raise students&#8217; awareness of sustainable development issues and to suggest ways of taking action on their campus and in their daily lives.<\/p>\n<p><strong><span style=\"text-decoration: underline;\">Complete program for Saturday, April 2 :<\/span><\/strong><\/p>\n<p><strong>Breakfast<\/strong> (9:30 am)<br \/>\nOpening <strong>plenary<\/strong> (10am)<\/p>\n<p>Optional <strong>roundtable discussions<\/strong> (10:45-1:00):<\/p>\n<p><strong>1. Degrowth in the face of technological challenges: the emergence of LowTech.<\/strong> With Herv\u00e9 Kempf, editor in chief of the newspaper Reporterre \/ L\u00e9ana Msika, POC21 project \/ Camille Duband, educational manager of Nomades des Mers \/ Justine Damlincourt, from the Grappe network. Animated by Nina Besana-Mourla\u00e0s, PAV\u00e9S association<\/p>\n<p><strong>2. Societal responsibility: beyond companies, what role for associations and communities?<\/strong> With Michel Capron, researcher at the Institut de Recherche en Gestion de l&#8217;Universit\u00e9 Paris Est \/ Bruno Bassinet, head of the purchasing department at the Apprentis d&#8217;Auteuil \/ Alice Frangulian, association Unis-Terre. Animated by Sylvain Boucherand, B&amp;L Evolution<\/p>\n<p><strong>3. How to mobilize and raise awareness about the climate: from communication to civil disobedience.<\/strong> With COP21 over, how can we raise awareness of climate issues and environmental problems in general? With Marion Esnault, Alternatiba Paris \/ Simeon Baldit de Barral, On the Green Road \/ Lo\u00efc Fel, COAL \/ Elliot Lepers, 90 days. Hosted by Leslie Merran, WARN!<\/p>\n<p><strong>4. What future for our waste?<\/strong> Beyond the question of recycling, is it not the question of our consumption patterns that we must rethink? With Cl\u00e9mence Ruppli, Zero Waste France \/ Samuel Tiercelin, Open Odyssey \/ Auparager. Hosted by Edouard Marchal, WARN!<\/p>\n<p><strong>5. Today&#8217;s consumption: from local to collaborative.<\/strong> With Tiana Salles, Association Assas Environnement \/ Fr\u00e9d\u00e9ric Fernandes, Association Etu&#8217;r\u00e9cup \/ Nicolas Tranchant, co-founder Widetrip \/ Led by Damien Deville, REFEDD<\/p>\n<p>Free and responsible <strong>lunch<\/strong> (1pm)<\/p>\n<p>Association <strong>forum<\/strong> with stands of our member associations and our partners, animations, an exhibition (14h-18h) with in parallel :<\/p>\n<p>Conference <em>The 7 commandments of eco-orgasm<\/em> by G\u00e9n\u00e9rations cobayes (14h-15h30<br \/>\nPlay What&#8217;s Due to Me (2:00-3:00 p.m.)<br \/>\nScreening and discussion of the film On the green road (16h-18h30)<br \/>\nProject Pitch (4pm)<\/p>\n<p><strong>Disco-cocktail dinner<\/strong> to share a drink and because it is necessary to relax after a long day (18h-20h)<br \/>\n<strong>Program for Sunday, April 3 :<\/strong><\/p>\n<p><strong>Breakfast<\/strong> (9:30 am)<\/p>\n<p><strong>Workshops of your choice (training and feedback) to put sustainable projects on your campus <\/strong>(10:30am-1pm)<\/p>\n<p><strong>Sustainable development in all associations!<\/strong><br \/>\nEvery company has a responsibility towards society and the environment, and so do the associations!<br \/>\nThe Social and Environmental Responsibility of Associations (RSEA) contributes to the sustainable development of your association. On the agenda: what is RSEA, concrete cases and brainstorming to make things happen!<\/p>\n<p><strong>More SD on your campus<\/strong><br \/>\nWant to convince your campus to make a greater commitment to sustainability? Discover the arguments, the actors and the tools you can mobilize. With feedback from several campus stakeholders.<\/p>\n<p><strong>The challenge of eco-responsible events<\/strong>.<br \/>\nWhat is responsible event management? If you still have questions, this intervention will remove the last questions! On the program, a total immersion with a collective challenge: concoct a responsible event for the startup O&#8217;Way. Your ideas are welcome!<\/p>\n<p><strong>Responsible eating on your campus<\/strong><br \/>\nHow to set up a responsible food project on your campus? From urban agriculture to collective catering.<\/p>\n<p><strong>Free and responsible lunch<\/strong> (1pm)<\/p>\n<p><strong>General Assembly of the network<\/strong> (14h-18h) &#8211; <em>Reserved for the member associations of the REFEDD<\/em><br \/>\n<strong>National Meeting of Students for Sustainable Development<\/strong><br \/>\n<strong>April 2 &amp; 3, 2016<\/strong><br \/>\n<strong><a href=\"http:\/\/refedd.org\/rencontres-nationales-des-etudiants-pour-le-dd\/\" target=\"_blank\" rel=\"noopener\">www.refedd.org<\/a><\/strong><\/p>\n<p>University of Paris VIII<br \/>\n2 Rue de la Libert\u00e9<br \/>\n93526 Saint-Denis<\/p>\n","protected":false},"excerpt":{"rendered":"<p>Lo\u00efc FEL, philosopher and co-founder of COAL, will speak on Saturday, April 2, 2016 at the University of Paris 8 (Saint-Denis) from 10:45 a.m. to 1:00 p.m., as part of the National Meeting of Students for Sustainable Development for a roundtable discussion entitled &#8220;How to mobilize and raise awareness around climate: from communication to civil [&hellip;]<\/p>\n","protected":false},"author":1,"featured_media":26961,"comment_status":"closed","ping_status":"closed","sticky":false,"template":"","format":"standard","meta":{"_acf_changed":false,"footnotes":""},"categories":[194,173],"tags":[],"class_list":["post-33167","post","type-post","status-publish","format-standard","has-post-thumbnail","hentry","category-meetings-conferences-2","category-sharing"],"acf":[],"yoast_head":"<!-- This site is optimized with the Yoast SEO plugin v26.2 - https:\/\/yoast.com\/wordpress\/plugins\/seo\/ -->\n<title>National Meeting of Students for Sustainable Development - COAL<\/title>\n<meta name=\"robots\" content=\"index, follow, max-snippet:-1, max-image-preview:large, max-video-preview:-1\" \/>\n<link rel=\"canonical\" href=\"https:\/\/projetcoal.org\/en\/sharing\/national-meeting-of-students-for-sustainable-development\/\" \/>\n<meta property=\"og:locale\" content=\"en_US\" \/>\n<meta property=\"og:type\" content=\"article\" \/>\n<meta property=\"og:title\" content=\"National Meeting of Students for Sustainable Development - COAL\" \/>\n<meta property=\"og:url\" content=\"https:\/\/projetcoal.org\/en\/sharing\/national-meeting-of-students-for-sustainable-development\/\" \/>\n<meta property=\"og:site_name\" content=\"COAL\" \/>\n<meta property=\"article:publisher\" content=\"https:\/\/www.facebook.com\/coalparis\/\" \/>\n<meta property=\"article:published_time\" content=\"2016-03-31T15:26:45+00:00\" \/>\n<meta property=\"article:modified_time\" content=\"2022-11-29T12:30:13+00:00\" \/>\n<meta property=\"og:image\" content=\"https:\/\/projetcoal.org\/wp-content\/uploads\/2016\/03\/REFEDD-e1459441569501.png\" \/>\n\t<meta property=\"og:image:width\" content=\"500\" \/>\n\t<meta property=\"og:image:height\" content=\"299\" \/>\n\t<meta property=\"og:image:type\" content=\"image\/png\" \/>\n<meta name=\"author\" content=\"COAL\" \/>\n<meta name=\"twitter:card\" content=\"summary_large_image\" \/>\n<meta name=\"twitter:label1\" content=\"Written by\" \/>\n\t<meta name=\"twitter:data1\" content=\"COAL\" \/>\n\t<meta name=\"twitter:label2\" content=\"Est. reading time\" \/>\n\t<meta name=\"twitter:data2\" content=\"4 minutes\" \/>\n<script type=\"application\/ld+json\" class=\"yoast-schema-graph\">{\"@context\":\"https:\/\/schema.org\",\"@graph\":[{\"@type\":\"Article\",\"@id\":\"https:\/\/projetcoal.org\/en\/sharing\/national-meeting-of-students-for-sustainable-development\/#article\",\"isPartOf\":{\"@id\":\"https:\/\/projetcoal.org\/en\/sharing\/national-meeting-of-students-for-sustainable-development\/\"},\"author\":{\"name\":\"COAL\",\"@id\":\"https:\/\/projetcoal.org\/en\/#\/schema\/person\/61725f97f01129ca126c9ac3775f30f4\"},\"headline\":\"National Meeting of Students for Sustainable Development\",\"datePublished\":\"2016-03-31T15:26:45+00:00\",\"dateModified\":\"2022-11-29T12:30:13+00:00\",\"mainEntityOfPage\":{\"@id\":\"https:\/\/projetcoal.org\/en\/sharing\/national-meeting-of-students-for-sustainable-development\/\"},\"wordCount\":669,\"publisher\":{\"@id\":\"https:\/\/projetcoal.org\/en\/#organization\"},\"image\":{\"@id\":\"https:\/\/projetcoal.org\/en\/sharing\/national-meeting-of-students-for-sustainable-development\/#primaryimage\"},\"thumbnailUrl\":\"https:\/\/projetcoal.org\/wp-content\/uploads\/2016\/03\/REFEDD-e1459441569501.png\",\"articleSection\":[\"MEETINGS, CONFERENCES\",\"SHARING\"],\"inLanguage\":\"en-US\"},{\"@type\":\"WebPage\",\"@id\":\"https:\/\/projetcoal.org\/en\/sharing\/national-meeting-of-students-for-sustainable-development\/\",\"url\":\"https:\/\/projetcoal.org\/en\/sharing\/national-meeting-of-students-for-sustainable-development\/\",\"name\":\"National Meeting of Students for Sustainable Development - COAL\",\"isPartOf\":{\"@id\":\"https:\/\/projetcoal.org\/en\/#website\"},\"primaryImageOfPage\":{\"@id\":\"https:\/\/projetcoal.org\/en\/sharing\/national-meeting-of-students-for-sustainable-development\/#primaryimage\"},\"image\":{\"@id\":\"https:\/\/projetcoal.org\/en\/sharing\/national-meeting-of-students-for-sustainable-development\/#primaryimage\"},\"thumbnailUrl\":\"https:\/\/projetcoal.org\/wp-content\/uploads\/2016\/03\/REFEDD-e1459441569501.png\",\"datePublished\":\"2016-03-31T15:26:45+00:00\",\"dateModified\":\"2022-11-29T12:30:13+00:00\",\"breadcrumb\":{\"@id\":\"https:\/\/projetcoal.org\/en\/sharing\/national-meeting-of-students-for-sustainable-development\/#breadcrumb\"},\"inLanguage\":\"en-US\",\"potentialAction\":[{\"@type\":\"ReadAction\",\"target\":[\"https:\/\/projetcoal.org\/en\/sharing\/national-meeting-of-students-for-sustainable-development\/\"]}]},{\"@type\":\"ImageObject\",\"inLanguage\":\"en-US\",\"@id\":\"https:\/\/projetcoal.org\/en\/sharing\/national-meeting-of-students-for-sustainable-development\/#primaryimage\",\"url\":\"https:\/\/projetcoal.org\/wp-content\/uploads\/2016\/03\/REFEDD-e1459441569501.png\",\"contentUrl\":\"https:\/\/projetcoal.org\/wp-content\/uploads\/2016\/03\/REFEDD-e1459441569501.png\",\"width\":500,\"height\":299},{\"@type\":\"BreadcrumbList\",\"@id\":\"https:\/\/projetcoal.org\/en\/sharing\/national-meeting-of-students-for-sustainable-development\/#breadcrumb\",\"itemListElement\":[{\"@type\":\"ListItem\",\"position\":1,\"name\":\"SHARING\",\"item\":\"https:\/\/projetcoal.org\/en\/actions\/sharing\/\"},{\"@type\":\"ListItem\",\"position\":2,\"name\":\"MEETINGS, CONFERENCES\",\"item\":\"https:\/\/projetcoal.org\/en\/actions\/sharing\/meetings-conferences-2\/\"},{\"@type\":\"ListItem\",\"position\":3,\"name\":\"National Meeting of Students for Sustainable Development\"}]},{\"@type\":\"WebSite\",\"@id\":\"https:\/\/projetcoal.org\/en\/#website\",\"url\":\"https:\/\/projetcoal.org\/en\/\",\"name\":\"COAL\",\"description\":\"\",\"publisher\":{\"@id\":\"https:\/\/projetcoal.org\/en\/#organization\"},\"alternateName\":\"Coalition pour une \u00e9cologie culturelle\",\"potentialAction\":[{\"@type\":\"SearchAction\",\"target\":{\"@type\":\"EntryPoint\",\"urlTemplate\":\"https:\/\/projetcoal.org\/en\/?s={search_term_string}\"},\"query-input\":{\"@type\":\"PropertyValueSpecification\",\"valueRequired\":true,\"valueName\":\"search_term_string\"}}],\"inLanguage\":\"en-US\"},{\"@type\":\"Organization\",\"@id\":\"https:\/\/projetcoal.org\/en\/#organization\",\"name\":\"COAL\",\"alternateName\":\"Coalition pour une \u00e9cologie culturelle\",\"url\":\"https:\/\/projetcoal.org\/en\/\",\"logo\":{\"@type\":\"ImageObject\",\"inLanguage\":\"en-US\",\"@id\":\"https:\/\/projetcoal.org\/en\/#\/schema\/logo\/image\/\",\"url\":\"https:\/\/projetcoal.org\/wp-content\/uploads\/2022\/11\/og.jpg\",\"contentUrl\":\"https:\/\/projetcoal.org\/wp-content\/uploads\/2022\/11\/og.jpg\",\"width\":1200,\"height\":630,\"caption\":\"COAL\"},\"image\":{\"@id\":\"https:\/\/projetcoal.org\/en\/#\/schema\/logo\/image\/\"},\"sameAs\":[\"https:\/\/www.facebook.com\/coalparis\/\",\"https:\/\/www.instagram.com\/coal_art.ecologie\/\"]},{\"@type\":\"Person\",\"@id\":\"https:\/\/projetcoal.org\/en\/#\/schema\/person\/61725f97f01129ca126c9ac3775f30f4\",\"name\":\"COAL\",\"image\":{\"@type\":\"ImageObject\",\"inLanguage\":\"en-US\",\"@id\":\"https:\/\/projetcoal.org\/en\/#\/schema\/person\/image\/\",\"url\":\"https:\/\/secure.gravatar.com\/avatar\/ecfacda1a9f429615d099f92930a0a6f?s=96&d=mm&r=g\",\"contentUrl\":\"https:\/\/secure.gravatar.com\/avatar\/ecfacda1a9f429615d099f92930a0a6f?s=96&d=mm&r=g\",\"caption\":\"COAL\"},\"url\":\"https:\/\/projetcoal.org\/en\/author\/coal\/\"}]}<\/script>\n<!-- \/ Yoast SEO plugin. -->","yoast_head_json":{"title":"National Meeting of Students for Sustainable Development - COAL","robots":{"index":"index","follow":"follow","max-snippet":"max-snippet:-1","max-image-preview":"max-image-preview:large","max-video-preview":"max-video-preview:-1"},"canonical":"https:\/\/projetcoal.org\/en\/sharing\/national-meeting-of-students-for-sustainable-development\/","og_locale":"en_US","og_type":"article","og_title":"National Meeting of Students for Sustainable Development - COAL","og_url":"https:\/\/projetcoal.org\/en\/sharing\/national-meeting-of-students-for-sustainable-development\/","og_site_name":"COAL","article_publisher":"https:\/\/www.facebook.com\/coalparis\/","article_published_time":"2016-03-31T15:26:45+00:00","article_modified_time":"2022-11-29T12:30:13+00:00","og_image":[{"width":500,"height":299,"url":"https:\/\/projetcoal.org\/wp-content\/uploads\/2016\/03\/REFEDD-e1459441569501.png","type":"image\/png"}],"author":"COAL","twitter_card":"summary_large_image","twitter_misc":{"Written by":"COAL","Est. reading time":"4 minutes"},"schema":{"@context":"https:\/\/schema.org","@graph":[{"@type":"Article","@id":"https:\/\/projetcoal.org\/en\/sharing\/national-meeting-of-students-for-sustainable-development\/#article","isPartOf":{"@id":"https:\/\/projetcoal.org\/en\/sharing\/national-meeting-of-students-for-sustainable-development\/"},"author":{"name":"COAL","@id":"https:\/\/projetcoal.org\/en\/#\/schema\/person\/61725f97f01129ca126c9ac3775f30f4"},"headline":"National Meeting of Students for Sustainable Development","datePublished":"2016-03-31T15:26:45+00:00","dateModified":"2022-11-29T12:30:13+00:00","mainEntityOfPage":{"@id":"https:\/\/projetcoal.org\/en\/sharing\/national-meeting-of-students-for-sustainable-development\/"},"wordCount":669,"publisher":{"@id":"https:\/\/projetcoal.org\/en\/#organization"},"image":{"@id":"https:\/\/projetcoal.org\/en\/sharing\/national-meeting-of-students-for-sustainable-development\/#primaryimage"},"thumbnailUrl":"https:\/\/projetcoal.org\/wp-content\/uploads\/2016\/03\/REFEDD-e1459441569501.png","articleSection":["MEETINGS, CONFERENCES","SHARING"],"inLanguage":"en-US"},{"@type":"WebPage","@id":"https:\/\/projetcoal.org\/en\/sharing\/national-meeting-of-students-for-sustainable-development\/","url":"https:\/\/projetcoal.org\/en\/sharing\/national-meeting-of-students-for-sustainable-development\/","name":"National Meeting of Students for Sustainable Development - COAL","isPartOf":{"@id":"https:\/\/projetcoal.org\/en\/#website"},"primaryImageOfPage":{"@id":"https:\/\/projetcoal.org\/en\/sharing\/national-meeting-of-students-for-sustainable-development\/#primaryimage"},"image":{"@id":"https:\/\/projetcoal.org\/en\/sharing\/national-meeting-of-students-for-sustainable-development\/#primaryimage"},"thumbnailUrl":"https:\/\/projetcoal.org\/wp-content\/uploads\/2016\/03\/REFEDD-e1459441569501.png","datePublished":"2016-03-31T15:26:45+00:00","dateModified":"2022-11-29T12:30:13+00:00","breadcrumb":{"@id":"https:\/\/projetcoal.org\/en\/sharing\/national-meeting-of-students-for-sustainable-development\/#breadcrumb"},"inLanguage":"en-US","potentialAction":[{"@type":"ReadAction","target":["https:\/\/projetcoal.org\/en\/sharing\/national-meeting-of-students-for-sustainable-development\/"]}]},{"@type":"ImageObject","inLanguage":"en-US","@id":"https:\/\/projetcoal.org\/en\/sharing\/national-meeting-of-students-for-sustainable-development\/#primaryimage","url":"https:\/\/projetcoal.org\/wp-content\/uploads\/2016\/03\/REFEDD-e1459441569501.png","contentUrl":"https:\/\/projetcoal.org\/wp-content\/uploads\/2016\/03\/REFEDD-e1459441569501.png","width":500,"height":299},{"@type":"BreadcrumbList","@id":"https:\/\/projetcoal.org\/en\/sharing\/national-meeting-of-students-for-sustainable-development\/#breadcrumb","itemListElement":[{"@type":"ListItem","position":1,"name":"SHARING","item":"https:\/\/projetcoal.org\/en\/actions\/sharing\/"},{"@type":"ListItem","position":2,"name":"MEETINGS, CONFERENCES","item":"https:\/\/projetcoal.org\/en\/actions\/sharing\/meetings-conferences-2\/"},{"@type":"ListItem","position":3,"name":"National Meeting of Students for Sustainable Development"}]},{"@type":"WebSite","@id":"https:\/\/projetcoal.org\/en\/#website","url":"https:\/\/projetcoal.org\/en\/","name":"COAL","description":"","publisher":{"@id":"https:\/\/projetcoal.org\/en\/#organization"},"alternateName":"Coalition pour une \u00e9cologie culturelle","potentialAction":[{"@type":"SearchAction","target":{"@type":"EntryPoint","urlTemplate":"https:\/\/projetcoal.org\/en\/?s={search_term_string}"},"query-input":{"@type":"PropertyValueSpecification","valueRequired":true,"valueName":"search_term_string"}}],"inLanguage":"en-US"},{"@type":"Organization","@id":"https:\/\/projetcoal.org\/en\/#organization","name":"COAL","alternateName":"Coalition pour une \u00e9cologie culturelle","url":"https:\/\/projetcoal.org\/en\/","logo":{"@type":"ImageObject","inLanguage":"en-US","@id":"https:\/\/projetcoal.org\/en\/#\/schema\/logo\/image\/","url":"https:\/\/projetcoal.org\/wp-content\/uploads\/2022\/11\/og.jpg","contentUrl":"https:\/\/projetcoal.org\/wp-content\/uploads\/2022\/11\/og.jpg","width":1200,"height":630,"caption":"COAL"},"image":{"@id":"https:\/\/projetcoal.org\/en\/#\/schema\/logo\/image\/"},"sameAs":["https:\/\/www.facebook.com\/coalparis\/","https:\/\/www.instagram.com\/coal_art.ecologie\/"]},{"@type":"Person","@id":"https:\/\/projetcoal.org\/en\/#\/schema\/person\/61725f97f01129ca126c9ac3775f30f4","name":"COAL","image":{"@type":"ImageObject","inLanguage":"en-US","@id":"https:\/\/projetcoal.org\/en\/#\/schema\/person\/image\/","url":"https:\/\/secure.gravatar.com\/avatar\/ecfacda1a9f429615d099f92930a0a6f?s=96&d=mm&r=g","contentUrl":"https:\/\/secure.gravatar.com\/avatar\/ecfacda1a9f429615d099f92930a0a6f?s=96&d=mm&r=g","caption":"COAL"},"url":"https:\/\/projetcoal.org\/en\/author\/coal\/"}]}},"_links":{"self":[{"href":"https:\/\/projetcoal.org\/en\/wp-json\/wp\/v2\/posts\/33167","targetHints":{"allow":["GET"]}}],"collection":[{"href":"https:\/\/projetcoal.org\/en\/wp-json\/wp\/v2\/posts"}],"about":[{"href":"https:\/\/projetcoal.org\/en\/wp-json\/wp\/v2\/types\/post"}],"author":[{"embeddable":true,"href":"https:\/\/projetcoal.org\/en\/wp-json\/wp\/v2\/users\/1"}],"replies":[{"embeddable":true,"href":"https:\/\/projetcoal.org\/en\/wp-json\/wp\/v2\/comments?post=33167"}],"version-history":[{"count":0,"href":"https:\/\/projetcoal.org\/en\/wp-json\/wp\/v2\/posts\/33167\/revisions"}],"wp:featuredmedia":[{"embeddable":true,"href":"https:\/\/projetcoal.org\/en\/wp-json\/wp\/v2\/media\/26961"}],"wp:attachment":[{"href":"https:\/\/projetcoal.org\/en\/wp-json\/wp\/v2\/media?parent=33167"}],"wp:term":[{"taxonomy":"category","embeddable":true,"href":"https:\/\/projetcoal.org\/en\/wp-json\/wp\/v2\/categories?post=33167"},{"taxonomy":"post_tag","embeddable":true,"href":"https:\/\/projetcoal.org\/en\/wp-json\/wp\/v2\/tags?post=33167"}],"curies":[{"name":"wp","href":"https:\/\/api.w.org\/{rel}","templated":true}]}}