{"id":33168,"date":"2014-06-02T09:52:48","date_gmt":"2014-06-02T08:52:48","guid":{"rendered":"https:\/\/projetcoal.org\/uncategorized\/the-arene-celebrates-its-20th-anniversary\/"},"modified":"2023-12-04T10:42:51","modified_gmt":"2023-12-04T09:42:51","slug":"the-arene-celebrates-its-20th-anniversary","status":"publish","type":"post","link":"https:\/\/projetcoal.org\/en\/artistic-direction\/cultural-action\/the-arene-celebrates-its-20th-anniversary\/","title":{"rendered":"THE ARENE CELEBRATES ITS 20TH ANNIVERSARY"},"content":{"rendered":"<p style=\"text-align: justify;\"><strong>THE ARENE CELEBRATES ITS 20TH ANNIVERSARY<\/strong><\/p>\n<p style=\"text-align: justify;\">For 20 years, <a href=\"http:\/\/www.areneidf.org\/fr\/ARENE-Ile-de-France-973.html\" target=\"_blank\" rel=\"noopener\">the Regional Agency for the Environment and New Energies<\/a> has been supporting local authorities and players in the Ile-de-France region in their sustainable development initiatives.<\/p>\n<p style=\"text-align: justify;\">On June 25th, COAL joined ARENE to celebrate this anniversary in the rules of art, at the house of the associations of solidarity of the 13th district of Paris. For this event, COAL has been asked to propose to the guests artistic animations, projections and futuristic tastings thanks to the artists \u00c5sa Sonjasdotter, Thierry Boutonnier, the SAFI collective, Olivier Darn\u00e9 and D\u00e9brouille Compagnie!<\/p>\n<p style=\"text-align: justify;\">On the program: Troc Party, short documentaries, upcycled palaver tree, history of the French and revolutionary potato, tasting of Parisian honey, royal ice cream, pate de ragondin, or&#8230; insects, tomorrow&#8217;s feast!<\/p>\n","protected":false},"excerpt":{"rendered":"<p>THE ARENE CELEBRATES ITS 20TH ANNIVERSARY For 20 years, the Regional Agency for the Environment and New Energies has been supporting local authorities and players in the Ile-de-France region in their sustainable development initiatives. On June 25th, COAL joined ARENE to celebrate this anniversary in the rules of art, at the house of the associations [&hellip;]<\/p>\n","protected":false},"author":1,"featured_media":29829,"comment_status":"closed","ping_status":"closed","sticky":false,"template":"","format":"standard","meta":{"_acf_changed":false,"footnotes":""},"categories":[178,222],"tags":[],"class_list":["post-33168","post","type-post","status-publish","format-standard","has-post-thumbnail","hentry","category-cultural-action","category-artistic-direction"],"acf":[],"yoast_head":"<!-- This site is optimized with the Yoast SEO plugin v26.2 - https:\/\/yoast.com\/wordpress\/plugins\/seo\/ -->\n<title>THE ARENE CELEBRATES ITS 20TH ANNIVERSARY - COAL<\/title>\n<meta name=\"robots\" content=\"index, follow, max-snippet:-1, max-image-preview:large, max-video-preview:-1\" \/>\n<link rel=\"canonical\" href=\"https:\/\/projetcoal.org\/en\/artistic-direction\/cultural-action\/the-arene-celebrates-its-20th-anniversary\/\" \/>\n<meta property=\"og:locale\" content=\"en_US\" \/>\n<meta property=\"og:type\" content=\"article\" \/>\n<meta property=\"og:title\" content=\"THE ARENE CELEBRATES ITS 20TH ANNIVERSARY - COAL\" \/>\n<meta property=\"og:url\" content=\"https:\/\/projetcoal.org\/en\/artistic-direction\/cultural-action\/the-arene-celebrates-its-20th-anniversary\/\" \/>\n<meta property=\"og:site_name\" content=\"COAL\" \/>\n<meta property=\"article:publisher\" content=\"https:\/\/www.facebook.com\/coalparis\/\" \/>\n<meta property=\"article:published_time\" content=\"2014-06-02T08:52:48+00:00\" \/>\n<meta property=\"article:modified_time\" content=\"2023-12-04T09:42:51+00:00\" \/>\n<meta property=\"og:image\" content=\"https:\/\/projetcoal.org\/wp-content\/uploads\/2014\/06\/DDC-2014-_-Vivres-_-Auditoire-_-Asa-Sonjasdotter-\u00a9-Laurence-Godart-5.jpg\" \/>\n\t<meta property=\"og:image:width\" content=\"2000\" \/>\n\t<meta property=\"og:image:height\" content=\"1331\" \/>\n\t<meta property=\"og:image:type\" content=\"image\/jpeg\" \/>\n<meta name=\"author\" content=\"COAL\" \/>\n<meta name=\"twitter:card\" content=\"summary_large_image\" \/>\n<meta name=\"twitter:label1\" content=\"Written by\" \/>\n\t<meta name=\"twitter:data1\" content=\"COAL\" \/>\n\t<meta name=\"twitter:label2\" content=\"Est. reading time\" \/>\n\t<meta name=\"twitter:data2\" content=\"1 minute\" \/>\n<script type=\"application\/ld+json\" class=\"yoast-schema-graph\">{\"@context\":\"https:\/\/schema.org\",\"@graph\":[{\"@type\":\"Article\",\"@id\":\"https:\/\/projetcoal.org\/en\/artistic-direction\/cultural-action\/the-arene-celebrates-its-20th-anniversary\/#article\",\"isPartOf\":{\"@id\":\"https:\/\/projetcoal.org\/en\/artistic-direction\/cultural-action\/the-arene-celebrates-its-20th-anniversary\/\"},\"author\":{\"name\":\"COAL\",\"@id\":\"https:\/\/projetcoal.org\/en\/#\/schema\/person\/61725f97f01129ca126c9ac3775f30f4\"},\"headline\":\"THE ARENE CELEBRATES ITS 20TH ANNIVERSARY\",\"datePublished\":\"2014-06-02T08:52:48+00:00\",\"dateModified\":\"2023-12-04T09:42:51+00:00\",\"mainEntityOfPage\":{\"@id\":\"https:\/\/projetcoal.org\/en\/artistic-direction\/cultural-action\/the-arene-celebrates-its-20th-anniversary\/\"},\"wordCount\":134,\"publisher\":{\"@id\":\"https:\/\/projetcoal.org\/en\/#organization\"},\"image\":{\"@id\":\"https:\/\/projetcoal.org\/en\/artistic-direction\/cultural-action\/the-arene-celebrates-its-20th-anniversary\/#primaryimage\"},\"thumbnailUrl\":\"https:\/\/projetcoal.org\/wp-content\/uploads\/2014\/06\/DDC-2014-_-Vivres-_-Auditoire-_-Asa-Sonjasdotter-\u00a9-Laurence-Godart-5.jpg\",\"articleSection\":[\"CULTURAL ACTION\",\"Artistic direction\"],\"inLanguage\":\"en-US\"},{\"@type\":\"WebPage\",\"@id\":\"https:\/\/projetcoal.org\/en\/artistic-direction\/cultural-action\/the-arene-celebrates-its-20th-anniversary\/\",\"url\":\"https:\/\/projetcoal.org\/en\/artistic-direction\/cultural-action\/the-arene-celebrates-its-20th-anniversary\/\",\"name\":\"THE ARENE CELEBRATES ITS 20TH ANNIVERSARY - COAL\",\"isPartOf\":{\"@id\":\"https:\/\/projetcoal.org\/en\/#website\"},\"primaryImageOfPage\":{\"@id\":\"https:\/\/projetcoal.org\/en\/artistic-direction\/cultural-action\/the-arene-celebrates-its-20th-anniversary\/#primaryimage\"},\"image\":{\"@id\":\"https:\/\/projetcoal.org\/en\/artistic-direction\/cultural-action\/the-arene-celebrates-its-20th-anniversary\/#primaryimage\"},\"thumbnailUrl\":\"https:\/\/projetcoal.org\/wp-content\/uploads\/2014\/06\/DDC-2014-_-Vivres-_-Auditoire-_-Asa-Sonjasdotter-\u00a9-Laurence-Godart-5.jpg\",\"datePublished\":\"2014-06-02T08:52:48+00:00\",\"dateModified\":\"2023-12-04T09:42:51+00:00\",\"breadcrumb\":{\"@id\":\"https:\/\/projetcoal.org\/en\/artistic-direction\/cultural-action\/the-arene-celebrates-its-20th-anniversary\/#breadcrumb\"},\"inLanguage\":\"en-US\",\"potentialAction\":[{\"@type\":\"ReadAction\",\"target\":[\"https:\/\/projetcoal.org\/en\/artistic-direction\/cultural-action\/the-arene-celebrates-its-20th-anniversary\/\"]}]},{\"@type\":\"ImageObject\",\"inLanguage\":\"en-US\",\"@id\":\"https:\/\/projetcoal.org\/en\/artistic-direction\/cultural-action\/the-arene-celebrates-its-20th-anniversary\/#primaryimage\",\"url\":\"https:\/\/projetcoal.org\/wp-content\/uploads\/2014\/06\/DDC-2014-_-Vivres-_-Auditoire-_-Asa-Sonjasdotter-\u00a9-Laurence-Godart-5.jpg\",\"contentUrl\":\"https:\/\/projetcoal.org\/wp-content\/uploads\/2014\/06\/DDC-2014-_-Vivres-_-Auditoire-_-Asa-Sonjasdotter-\u00a9-Laurence-Godart-5.jpg\",\"width\":2000,\"height\":1331},{\"@type\":\"BreadcrumbList\",\"@id\":\"https:\/\/projetcoal.org\/en\/artistic-direction\/cultural-action\/the-arene-celebrates-its-20th-anniversary\/#breadcrumb\",\"itemListElement\":[{\"@type\":\"ListItem\",\"position\":1,\"name\":\"Artistic direction\",\"item\":\"https:\/\/projetcoal.org\/en\/actions\/artistic-direction\/\"},{\"@type\":\"ListItem\",\"position\":2,\"name\":\"CULTURAL ACTION\",\"item\":\"https:\/\/projetcoal.org\/en\/actions\/artistic-direction\/cultural-action\/\"},{\"@type\":\"ListItem\",\"position\":3,\"name\":\"THE ARENE CELEBRATES ITS 20TH ANNIVERSARY\"}]},{\"@type\":\"WebSite\",\"@id\":\"https:\/\/projetcoal.org\/en\/#website\",\"url\":\"https:\/\/projetcoal.org\/en\/\",\"name\":\"COAL\",\"description\":\"\",\"publisher\":{\"@id\":\"https:\/\/projetcoal.org\/en\/#organization\"},\"alternateName\":\"Coalition pour une \u00e9cologie culturelle\",\"potentialAction\":[{\"@type\":\"SearchAction\",\"target\":{\"@type\":\"EntryPoint\",\"urlTemplate\":\"https:\/\/projetcoal.org\/en\/?s={search_term_string}\"},\"query-input\":{\"@type\":\"PropertyValueSpecification\",\"valueRequired\":true,\"valueName\":\"search_term_string\"}}],\"inLanguage\":\"en-US\"},{\"@type\":\"Organization\",\"@id\":\"https:\/\/projetcoal.org\/en\/#organization\",\"name\":\"COAL\",\"alternateName\":\"Coalition pour une \u00e9cologie culturelle\",\"url\":\"https:\/\/projetcoal.org\/en\/\",\"logo\":{\"@type\":\"ImageObject\",\"inLanguage\":\"en-US\",\"@id\":\"https:\/\/projetcoal.org\/en\/#\/schema\/logo\/image\/\",\"url\":\"https:\/\/projetcoal.org\/wp-content\/uploads\/2022\/11\/og.jpg\",\"contentUrl\":\"https:\/\/projetcoal.org\/wp-content\/uploads\/2022\/11\/og.jpg\",\"width\":1200,\"height\":630,\"caption\":\"COAL\"},\"image\":{\"@id\":\"https:\/\/projetcoal.org\/en\/#\/schema\/logo\/image\/\"},\"sameAs\":[\"https:\/\/www.facebook.com\/coalparis\/\",\"https:\/\/www.instagram.com\/coal_art.ecologie\/\"]},{\"@type\":\"Person\",\"@id\":\"https:\/\/projetcoal.org\/en\/#\/schema\/person\/61725f97f01129ca126c9ac3775f30f4\",\"name\":\"COAL\",\"image\":{\"@type\":\"ImageObject\",\"inLanguage\":\"en-US\",\"@id\":\"https:\/\/projetcoal.org\/en\/#\/schema\/person\/image\/\",\"url\":\"https:\/\/secure.gravatar.com\/avatar\/ecfacda1a9f429615d099f92930a0a6f?s=96&d=mm&r=g\",\"contentUrl\":\"https:\/\/secure.gravatar.com\/avatar\/ecfacda1a9f429615d099f92930a0a6f?s=96&d=mm&r=g\",\"caption\":\"COAL\"},\"url\":\"https:\/\/projetcoal.org\/en\/author\/coal\/\"}]}<\/script>\n<!-- \/ Yoast SEO plugin. -->","yoast_head_json":{"title":"THE ARENE CELEBRATES ITS 20TH ANNIVERSARY - COAL","robots":{"index":"index","follow":"follow","max-snippet":"max-snippet:-1","max-image-preview":"max-image-preview:large","max-video-preview":"max-video-preview:-1"},"canonical":"https:\/\/projetcoal.org\/en\/artistic-direction\/cultural-action\/the-arene-celebrates-its-20th-anniversary\/","og_locale":"en_US","og_type":"article","og_title":"THE ARENE CELEBRATES ITS 20TH ANNIVERSARY - COAL","og_url":"https:\/\/projetcoal.org\/en\/artistic-direction\/cultural-action\/the-arene-celebrates-its-20th-anniversary\/","og_site_name":"COAL","article_publisher":"https:\/\/www.facebook.com\/coalparis\/","article_published_time":"2014-06-02T08:52:48+00:00","article_modified_time":"2023-12-04T09:42:51+00:00","og_image":[{"width":2000,"height":1331,"url":"https:\/\/projetcoal.org\/wp-content\/uploads\/2014\/06\/DDC-2014-_-Vivres-_-Auditoire-_-Asa-Sonjasdotter-\u00a9-Laurence-Godart-5.jpg","type":"image\/jpeg"}],"author":"COAL","twitter_card":"summary_large_image","twitter_misc":{"Written by":"COAL","Est. reading time":"1 minute"},"schema":{"@context":"https:\/\/schema.org","@graph":[{"@type":"Article","@id":"https:\/\/projetcoal.org\/en\/artistic-direction\/cultural-action\/the-arene-celebrates-its-20th-anniversary\/#article","isPartOf":{"@id":"https:\/\/projetcoal.org\/en\/artistic-direction\/cultural-action\/the-arene-celebrates-its-20th-anniversary\/"},"author":{"name":"COAL","@id":"https:\/\/projetcoal.org\/en\/#\/schema\/person\/61725f97f01129ca126c9ac3775f30f4"},"headline":"THE ARENE CELEBRATES ITS 20TH ANNIVERSARY","datePublished":"2014-06-02T08:52:48+00:00","dateModified":"2023-12-04T09:42:51+00:00","mainEntityOfPage":{"@id":"https:\/\/projetcoal.org\/en\/artistic-direction\/cultural-action\/the-arene-celebrates-its-20th-anniversary\/"},"wordCount":134,"publisher":{"@id":"https:\/\/projetcoal.org\/en\/#organization"},"image":{"@id":"https:\/\/projetcoal.org\/en\/artistic-direction\/cultural-action\/the-arene-celebrates-its-20th-anniversary\/#primaryimage"},"thumbnailUrl":"https:\/\/projetcoal.org\/wp-content\/uploads\/2014\/06\/DDC-2014-_-Vivres-_-Auditoire-_-Asa-Sonjasdotter-\u00a9-Laurence-Godart-5.jpg","articleSection":["CULTURAL ACTION","Artistic direction"],"inLanguage":"en-US"},{"@type":"WebPage","@id":"https:\/\/projetcoal.org\/en\/artistic-direction\/cultural-action\/the-arene-celebrates-its-20th-anniversary\/","url":"https:\/\/projetcoal.org\/en\/artistic-direction\/cultural-action\/the-arene-celebrates-its-20th-anniversary\/","name":"THE ARENE CELEBRATES ITS 20TH ANNIVERSARY - COAL","isPartOf":{"@id":"https:\/\/projetcoal.org\/en\/#website"},"primaryImageOfPage":{"@id":"https:\/\/projetcoal.org\/en\/artistic-direction\/cultural-action\/the-arene-celebrates-its-20th-anniversary\/#primaryimage"},"image":{"@id":"https:\/\/projetcoal.org\/en\/artistic-direction\/cultural-action\/the-arene-celebrates-its-20th-anniversary\/#primaryimage"},"thumbnailUrl":"https:\/\/projetcoal.org\/wp-content\/uploads\/2014\/06\/DDC-2014-_-Vivres-_-Auditoire-_-Asa-Sonjasdotter-\u00a9-Laurence-Godart-5.jpg","datePublished":"2014-06-02T08:52:48+00:00","dateModified":"2023-12-04T09:42:51+00:00","breadcrumb":{"@id":"https:\/\/projetcoal.org\/en\/artistic-direction\/cultural-action\/the-arene-celebrates-its-20th-anniversary\/#breadcrumb"},"inLanguage":"en-US","potentialAction":[{"@type":"ReadAction","target":["https:\/\/projetcoal.org\/en\/artistic-direction\/cultural-action\/the-arene-celebrates-its-20th-anniversary\/"]}]},{"@type":"ImageObject","inLanguage":"en-US","@id":"https:\/\/projetcoal.org\/en\/artistic-direction\/cultural-action\/the-arene-celebrates-its-20th-anniversary\/#primaryimage","url":"https:\/\/projetcoal.org\/wp-content\/uploads\/2014\/06\/DDC-2014-_-Vivres-_-Auditoire-_-Asa-Sonjasdotter-\u00a9-Laurence-Godart-5.jpg","contentUrl":"https:\/\/projetcoal.org\/wp-content\/uploads\/2014\/06\/DDC-2014-_-Vivres-_-Auditoire-_-Asa-Sonjasdotter-\u00a9-Laurence-Godart-5.jpg","width":2000,"height":1331},{"@type":"BreadcrumbList","@id":"https:\/\/projetcoal.org\/en\/artistic-direction\/cultural-action\/the-arene-celebrates-its-20th-anniversary\/#breadcrumb","itemListElement":[{"@type":"ListItem","position":1,"name":"Artistic direction","item":"https:\/\/projetcoal.org\/en\/actions\/artistic-direction\/"},{"@type":"ListItem","position":2,"name":"CULTURAL ACTION","item":"https:\/\/projetcoal.org\/en\/actions\/artistic-direction\/cultural-action\/"},{"@type":"ListItem","position":3,"name":"THE ARENE CELEBRATES ITS 20TH ANNIVERSARY"}]},{"@type":"WebSite","@id":"https:\/\/projetcoal.org\/en\/#website","url":"https:\/\/projetcoal.org\/en\/","name":"COAL","description":"","publisher":{"@id":"https:\/\/projetcoal.org\/en\/#organization"},"alternateName":"Coalition pour une \u00e9cologie culturelle","potentialAction":[{"@type":"SearchAction","target":{"@type":"EntryPoint","urlTemplate":"https:\/\/projetcoal.org\/en\/?s={search_term_string}"},"query-input":{"@type":"PropertyValueSpecification","valueRequired":true,"valueName":"search_term_string"}}],"inLanguage":"en-US"},{"@type":"Organization","@id":"https:\/\/projetcoal.org\/en\/#organization","name":"COAL","alternateName":"Coalition pour une \u00e9cologie culturelle","url":"https:\/\/projetcoal.org\/en\/","logo":{"@type":"ImageObject","inLanguage":"en-US","@id":"https:\/\/projetcoal.org\/en\/#\/schema\/logo\/image\/","url":"https:\/\/projetcoal.org\/wp-content\/uploads\/2022\/11\/og.jpg","contentUrl":"https:\/\/projetcoal.org\/wp-content\/uploads\/2022\/11\/og.jpg","width":1200,"height":630,"caption":"COAL"},"image":{"@id":"https:\/\/projetcoal.org\/en\/#\/schema\/logo\/image\/"},"sameAs":["https:\/\/www.facebook.com\/coalparis\/","https:\/\/www.instagram.com\/coal_art.ecologie\/"]},{"@type":"Person","@id":"https:\/\/projetcoal.org\/en\/#\/schema\/person\/61725f97f01129ca126c9ac3775f30f4","name":"COAL","image":{"@type":"ImageObject","inLanguage":"en-US","@id":"https:\/\/projetcoal.org\/en\/#\/schema\/person\/image\/","url":"https:\/\/secure.gravatar.com\/avatar\/ecfacda1a9f429615d099f92930a0a6f?s=96&d=mm&r=g","contentUrl":"https:\/\/secure.gravatar.com\/avatar\/ecfacda1a9f429615d099f92930a0a6f?s=96&d=mm&r=g","caption":"COAL"},"url":"https:\/\/projetcoal.org\/en\/author\/coal\/"}]}},"_links":{"self":[{"href":"https:\/\/projetcoal.org\/en\/wp-json\/wp\/v2\/posts\/33168","targetHints":{"allow":["GET"]}}],"collection":[{"href":"https:\/\/projetcoal.org\/en\/wp-json\/wp\/v2\/posts"}],"about":[{"href":"https:\/\/projetcoal.org\/en\/wp-json\/wp\/v2\/types\/post"}],"author":[{"embeddable":true,"href":"https:\/\/projetcoal.org\/en\/wp-json\/wp\/v2\/users\/1"}],"replies":[{"embeddable":true,"href":"https:\/\/projetcoal.org\/en\/wp-json\/wp\/v2\/comments?post=33168"}],"version-history":[{"count":0,"href":"https:\/\/projetcoal.org\/en\/wp-json\/wp\/v2\/posts\/33168\/revisions"}],"wp:featuredmedia":[{"embeddable":true,"href":"https:\/\/projetcoal.org\/en\/wp-json\/wp\/v2\/media\/29829"}],"wp:attachment":[{"href":"https:\/\/projetcoal.org\/en\/wp-json\/wp\/v2\/media?parent=33168"}],"wp:term":[{"taxonomy":"category","embeddable":true,"href":"https:\/\/projetcoal.org\/en\/wp-json\/wp\/v2\/categories?post=33168"},{"taxonomy":"post_tag","embeddable":true,"href":"https:\/\/projetcoal.org\/en\/wp-json\/wp\/v2\/tags?post=33168"}],"curies":[{"name":"wp","href":"https:\/\/api.w.org\/{rel}","templated":true}]}}