{"id":33169,"date":"2014-04-03T00:01:16","date_gmt":"2014-04-02T23:01:16","guid":{"rendered":"https:\/\/projetcoal.org\/uncategorized\/conference-dans-quelle-vie-tu-mondes-center-pompidou-metz\/"},"modified":"2022-11-29T13:35:32","modified_gmt":"2022-11-29T12:35:32","slug":"conference-dans-quelle-vie-tu-mondes-center-pompidou-metz","status":"publish","type":"post","link":"https:\/\/projetcoal.org\/en\/sharing\/conference-dans-quelle-vie-tu-mondes-center-pompidou-metz\/","title":{"rendered":"Conference &#8220;Dans Quelle Vie tu Monde(s)?&#8221; &#8211; Center Pompidou Metz"},"content":{"rendered":"<p style=\"text-align: justify;\"><a href=\"https:\/\/projetcoal.org\/wp-content\/uploads\/2014\/04\/Capture-d%E2%80%99%C3%A9cran-2014-04-16-%C3%A0-14.47.15.png\"><img loading=\"lazy\" decoding=\"async\" class=\"aligncenter size-full wp-image-10308\" title=\"Pompidou Metz\" src=\"https:\/\/projetcoal.org\/wp-content\/uploads\/2014\/04\/Capture-d%E2%80%99%C3%A9cran-2014-04-16-%C3%A0-14.47.15.png\" alt=\"\" width=\"500\" height=\"228\" \/><\/a><\/p>\n<p style=\"text-align: justify;\"><strong>Thursday, April 3, 2014 from 10:30 am to 6 pm<\/strong><\/p>\n<p style=\"text-align: justify;\">On the occasion of the Sustainable Development Week and the cultural program &#8220;Dans quelle vie tu monde(s)&#8221;, the Centre Pompidou-Metz welcomes artists, engineers, French and Chinese teachers-researchers who are at the origin of the project. Sharing the same interest in contemporary art, international relations, environmental and societal issues, they will come to confront their points of view during several meetings.<\/p>\n<p style=\"text-align: justify;\">The program includes a conference on the environmental issue in relation to contemporary art led by Nathalie Blanc, director of research at the CNRS, and three round tables where artists and actors from the world of art and culture debate, including :<\/p>\n<p style=\"text-align: justify;\">&#8211; <strong>Loic Fel<\/strong>, co-founder of the COAL project, Coalition for Art and Sustainable Development;<\/p>\n<p style=\"text-align: justify;\">&#8211; <strong>H\u00e9l\u00e8ne Gu\u00e9nin<\/strong>, Head of Programming at the Centre Pompidou-Metz ;<\/p>\n<p style=\"text-align: justify;\">&#8211; <strong>Claude d&#8217;Anthenaise<\/strong>, curator of the Mus\u00e9e de la Chasse et de la Nature in Paris;<\/p>\n<p style=\"text-align: justify;\">&#8211; <strong>Antigone Mouchtouris<\/strong> and <strong>Jean Marc Leveratto<\/strong>, sociologists at the University of Lorraine;<\/p>\n<p style=\"text-align: justify;\">&#8211; <strong>Christian Debize<\/strong>, Director of ENSAN Ecole Nationale Sup\u00e9rieure d&#8217;Art de Nancy ;<\/p>\n<p style=\"text-align: justify;\">&#8211; <strong>Fu Xiaodong<\/strong>, curator in residence at FRAC Lorraine ;<\/p>\n<p style=\"text-align: justify;\">&#8211; And the plastic artists <strong>Maud Louvrier-Clerc<\/strong>, <strong>XuefengChen<\/strong>, <strong>Linggjie Wang<\/strong> and <strong>Jingfang Hao<\/strong>.<\/p>\n<p style=\"text-align: justify;\">This day also proposes a conference-performance led by the couple of artists VINCENT + FERIA and the diffusion of videos of Map Office, French video artists based in China for 15 years. <em>In partnership with the Labex ARTS-H2H University of Paris 8.<\/em><\/p>\n<p style=\"text-align: justify;\"><strong>More information<\/strong><\/p>\n<p style=\"text-align: justify;\"><a title=\"www.centrepompidou-metz.fr\" href=\"http:\/\/www.centrepompidou-metz.fr\/dans-quelle-vie-tu-mondes\" target=\"_blank\" rel=\"noopener\">www.centrepompidou-metz.fr<\/a><\/p>\n<p style=\"text-align: justify;\">\n","protected":false},"excerpt":{"rendered":"<p>Thursday, April 3, 2014 from 10:30 am to 6 pm On the occasion of the Sustainable Development Week and the cultural program &#8220;Dans quelle vie tu monde(s)&#8221;, the Centre Pompidou-Metz welcomes artists, engineers, French and Chinese teachers-researchers who are at the origin of the project. Sharing the same interest in contemporary art, international relations, environmental [&hellip;]<\/p>\n","protected":false},"author":1,"featured_media":26404,"comment_status":"closed","ping_status":"closed","sticky":false,"template":"","format":"standard","meta":{"_acf_changed":false,"footnotes":""},"categories":[194,173],"tags":[],"class_list":["post-33169","post","type-post","status-publish","format-standard","has-post-thumbnail","hentry","category-meetings-conferences-2","category-sharing"],"acf":[],"yoast_head":"<!-- This site is optimized with the Yoast SEO plugin v26.2 - https:\/\/yoast.com\/wordpress\/plugins\/seo\/ -->\n<title>Conference &quot;Dans Quelle Vie tu Monde(s)?&quot; - Center Pompidou Metz - COAL<\/title>\n<meta name=\"robots\" content=\"index, follow, max-snippet:-1, max-image-preview:large, max-video-preview:-1\" \/>\n<link rel=\"canonical\" href=\"https:\/\/projetcoal.org\/en\/sharing\/conference-dans-quelle-vie-tu-mondes-center-pompidou-metz\/\" \/>\n<meta property=\"og:locale\" content=\"en_US\" \/>\n<meta property=\"og:type\" content=\"article\" \/>\n<meta property=\"og:title\" content=\"Conference &quot;Dans Quelle Vie tu Monde(s)?&quot; - Center Pompidou Metz - COAL\" \/>\n<meta property=\"og:url\" content=\"https:\/\/projetcoal.org\/en\/sharing\/conference-dans-quelle-vie-tu-mondes-center-pompidou-metz\/\" \/>\n<meta property=\"og:site_name\" content=\"COAL\" \/>\n<meta property=\"article:publisher\" content=\"https:\/\/www.facebook.com\/coalparis\/\" \/>\n<meta property=\"article:published_time\" content=\"2014-04-02T23:01:16+00:00\" \/>\n<meta property=\"article:modified_time\" content=\"2022-11-29T12:35:32+00:00\" \/>\n<meta property=\"og:image\" content=\"https:\/\/projetcoal.org\/wp-content\/uploads\/2014\/04\/Capture-d\u2019\u00e9cran-2014-04-16-\u00e0-14.47.151.png\" \/>\n\t<meta property=\"og:image:width\" content=\"500\" \/>\n\t<meta property=\"og:image:height\" content=\"228\" \/>\n\t<meta property=\"og:image:type\" content=\"image\/png\" \/>\n<meta name=\"author\" content=\"COAL\" \/>\n<meta name=\"twitter:card\" content=\"summary_large_image\" \/>\n<meta name=\"twitter:label1\" content=\"Written by\" \/>\n\t<meta name=\"twitter:data1\" content=\"COAL\" \/>\n\t<meta name=\"twitter:label2\" content=\"Est. reading time\" \/>\n\t<meta name=\"twitter:data2\" content=\"2 minutes\" \/>\n<script type=\"application\/ld+json\" class=\"yoast-schema-graph\">{\"@context\":\"https:\/\/schema.org\",\"@graph\":[{\"@type\":\"Article\",\"@id\":\"https:\/\/projetcoal.org\/en\/sharing\/conference-dans-quelle-vie-tu-mondes-center-pompidou-metz\/#article\",\"isPartOf\":{\"@id\":\"https:\/\/projetcoal.org\/en\/sharing\/conference-dans-quelle-vie-tu-mondes-center-pompidou-metz\/\"},\"author\":{\"name\":\"COAL\",\"@id\":\"https:\/\/projetcoal.org\/en\/#\/schema\/person\/61725f97f01129ca126c9ac3775f30f4\"},\"headline\":\"Conference &#8220;Dans Quelle Vie tu Monde(s)?&#8221; &#8211; Center Pompidou Metz\",\"datePublished\":\"2014-04-02T23:01:16+00:00\",\"dateModified\":\"2022-11-29T12:35:32+00:00\",\"mainEntityOfPage\":{\"@id\":\"https:\/\/projetcoal.org\/en\/sharing\/conference-dans-quelle-vie-tu-mondes-center-pompidou-metz\/\"},\"wordCount\":256,\"publisher\":{\"@id\":\"https:\/\/projetcoal.org\/en\/#organization\"},\"image\":{\"@id\":\"https:\/\/projetcoal.org\/en\/sharing\/conference-dans-quelle-vie-tu-mondes-center-pompidou-metz\/#primaryimage\"},\"thumbnailUrl\":\"https:\/\/projetcoal.org\/wp-content\/uploads\/2014\/04\/Capture-d\u2019\u00e9cran-2014-04-16-\u00e0-14.47.151.png\",\"articleSection\":[\"MEETINGS, CONFERENCES\",\"SHARING\"],\"inLanguage\":\"en-US\"},{\"@type\":\"WebPage\",\"@id\":\"https:\/\/projetcoal.org\/en\/sharing\/conference-dans-quelle-vie-tu-mondes-center-pompidou-metz\/\",\"url\":\"https:\/\/projetcoal.org\/en\/sharing\/conference-dans-quelle-vie-tu-mondes-center-pompidou-metz\/\",\"name\":\"Conference \\\"Dans Quelle Vie tu Monde(s)?\\\" - Center Pompidou Metz - COAL\",\"isPartOf\":{\"@id\":\"https:\/\/projetcoal.org\/en\/#website\"},\"primaryImageOfPage\":{\"@id\":\"https:\/\/projetcoal.org\/en\/sharing\/conference-dans-quelle-vie-tu-mondes-center-pompidou-metz\/#primaryimage\"},\"image\":{\"@id\":\"https:\/\/projetcoal.org\/en\/sharing\/conference-dans-quelle-vie-tu-mondes-center-pompidou-metz\/#primaryimage\"},\"thumbnailUrl\":\"https:\/\/projetcoal.org\/wp-content\/uploads\/2014\/04\/Capture-d\u2019\u00e9cran-2014-04-16-\u00e0-14.47.151.png\",\"datePublished\":\"2014-04-02T23:01:16+00:00\",\"dateModified\":\"2022-11-29T12:35:32+00:00\",\"breadcrumb\":{\"@id\":\"https:\/\/projetcoal.org\/en\/sharing\/conference-dans-quelle-vie-tu-mondes-center-pompidou-metz\/#breadcrumb\"},\"inLanguage\":\"en-US\",\"potentialAction\":[{\"@type\":\"ReadAction\",\"target\":[\"https:\/\/projetcoal.org\/en\/sharing\/conference-dans-quelle-vie-tu-mondes-center-pompidou-metz\/\"]}]},{\"@type\":\"ImageObject\",\"inLanguage\":\"en-US\",\"@id\":\"https:\/\/projetcoal.org\/en\/sharing\/conference-dans-quelle-vie-tu-mondes-center-pompidou-metz\/#primaryimage\",\"url\":\"https:\/\/projetcoal.org\/wp-content\/uploads\/2014\/04\/Capture-d\u2019\u00e9cran-2014-04-16-\u00e0-14.47.151.png\",\"contentUrl\":\"https:\/\/projetcoal.org\/wp-content\/uploads\/2014\/04\/Capture-d\u2019\u00e9cran-2014-04-16-\u00e0-14.47.151.png\",\"width\":500,\"height\":228},{\"@type\":\"BreadcrumbList\",\"@id\":\"https:\/\/projetcoal.org\/en\/sharing\/conference-dans-quelle-vie-tu-mondes-center-pompidou-metz\/#breadcrumb\",\"itemListElement\":[{\"@type\":\"ListItem\",\"position\":1,\"name\":\"SHARING\",\"item\":\"https:\/\/projetcoal.org\/en\/actions\/sharing\/\"},{\"@type\":\"ListItem\",\"position\":2,\"name\":\"MEETINGS, CONFERENCES\",\"item\":\"https:\/\/projetcoal.org\/en\/actions\/sharing\/meetings-conferences-2\/\"},{\"@type\":\"ListItem\",\"position\":3,\"name\":\"Conference \\\"Dans Quelle Vie tu Monde(s)?\\\" - Center Pompidou Metz\"}]},{\"@type\":\"WebSite\",\"@id\":\"https:\/\/projetcoal.org\/en\/#website\",\"url\":\"https:\/\/projetcoal.org\/en\/\",\"name\":\"COAL\",\"description\":\"\",\"publisher\":{\"@id\":\"https:\/\/projetcoal.org\/en\/#organization\"},\"alternateName\":\"Coalition pour une \u00e9cologie culturelle\",\"potentialAction\":[{\"@type\":\"SearchAction\",\"target\":{\"@type\":\"EntryPoint\",\"urlTemplate\":\"https:\/\/projetcoal.org\/en\/?s={search_term_string}\"},\"query-input\":{\"@type\":\"PropertyValueSpecification\",\"valueRequired\":true,\"valueName\":\"search_term_string\"}}],\"inLanguage\":\"en-US\"},{\"@type\":\"Organization\",\"@id\":\"https:\/\/projetcoal.org\/en\/#organization\",\"name\":\"COAL\",\"alternateName\":\"Coalition pour une \u00e9cologie culturelle\",\"url\":\"https:\/\/projetcoal.org\/en\/\",\"logo\":{\"@type\":\"ImageObject\",\"inLanguage\":\"en-US\",\"@id\":\"https:\/\/projetcoal.org\/en\/#\/schema\/logo\/image\/\",\"url\":\"https:\/\/projetcoal.org\/wp-content\/uploads\/2022\/11\/og.jpg\",\"contentUrl\":\"https:\/\/projetcoal.org\/wp-content\/uploads\/2022\/11\/og.jpg\",\"width\":1200,\"height\":630,\"caption\":\"COAL\"},\"image\":{\"@id\":\"https:\/\/projetcoal.org\/en\/#\/schema\/logo\/image\/\"},\"sameAs\":[\"https:\/\/www.facebook.com\/coalparis\/\",\"https:\/\/www.instagram.com\/coal_art.ecologie\/\"]},{\"@type\":\"Person\",\"@id\":\"https:\/\/projetcoal.org\/en\/#\/schema\/person\/61725f97f01129ca126c9ac3775f30f4\",\"name\":\"COAL\",\"image\":{\"@type\":\"ImageObject\",\"inLanguage\":\"en-US\",\"@id\":\"https:\/\/projetcoal.org\/en\/#\/schema\/person\/image\/\",\"url\":\"https:\/\/secure.gravatar.com\/avatar\/ecfacda1a9f429615d099f92930a0a6f?s=96&d=mm&r=g\",\"contentUrl\":\"https:\/\/secure.gravatar.com\/avatar\/ecfacda1a9f429615d099f92930a0a6f?s=96&d=mm&r=g\",\"caption\":\"COAL\"},\"url\":\"https:\/\/projetcoal.org\/en\/author\/coal\/\"}]}<\/script>\n<!-- \/ Yoast SEO plugin. -->","yoast_head_json":{"title":"Conference \"Dans Quelle Vie tu Monde(s)?\" - Center Pompidou Metz - COAL","robots":{"index":"index","follow":"follow","max-snippet":"max-snippet:-1","max-image-preview":"max-image-preview:large","max-video-preview":"max-video-preview:-1"},"canonical":"https:\/\/projetcoal.org\/en\/sharing\/conference-dans-quelle-vie-tu-mondes-center-pompidou-metz\/","og_locale":"en_US","og_type":"article","og_title":"Conference \"Dans Quelle Vie tu Monde(s)?\" - Center Pompidou Metz - COAL","og_url":"https:\/\/projetcoal.org\/en\/sharing\/conference-dans-quelle-vie-tu-mondes-center-pompidou-metz\/","og_site_name":"COAL","article_publisher":"https:\/\/www.facebook.com\/coalparis\/","article_published_time":"2014-04-02T23:01:16+00:00","article_modified_time":"2022-11-29T12:35:32+00:00","og_image":[{"width":500,"height":228,"url":"https:\/\/projetcoal.org\/wp-content\/uploads\/2014\/04\/Capture-d\u2019\u00e9cran-2014-04-16-\u00e0-14.47.151.png","type":"image\/png"}],"author":"COAL","twitter_card":"summary_large_image","twitter_misc":{"Written by":"COAL","Est. reading time":"2 minutes"},"schema":{"@context":"https:\/\/schema.org","@graph":[{"@type":"Article","@id":"https:\/\/projetcoal.org\/en\/sharing\/conference-dans-quelle-vie-tu-mondes-center-pompidou-metz\/#article","isPartOf":{"@id":"https:\/\/projetcoal.org\/en\/sharing\/conference-dans-quelle-vie-tu-mondes-center-pompidou-metz\/"},"author":{"name":"COAL","@id":"https:\/\/projetcoal.org\/en\/#\/schema\/person\/61725f97f01129ca126c9ac3775f30f4"},"headline":"Conference &#8220;Dans Quelle Vie tu Monde(s)?&#8221; &#8211; Center Pompidou Metz","datePublished":"2014-04-02T23:01:16+00:00","dateModified":"2022-11-29T12:35:32+00:00","mainEntityOfPage":{"@id":"https:\/\/projetcoal.org\/en\/sharing\/conference-dans-quelle-vie-tu-mondes-center-pompidou-metz\/"},"wordCount":256,"publisher":{"@id":"https:\/\/projetcoal.org\/en\/#organization"},"image":{"@id":"https:\/\/projetcoal.org\/en\/sharing\/conference-dans-quelle-vie-tu-mondes-center-pompidou-metz\/#primaryimage"},"thumbnailUrl":"https:\/\/projetcoal.org\/wp-content\/uploads\/2014\/04\/Capture-d\u2019\u00e9cran-2014-04-16-\u00e0-14.47.151.png","articleSection":["MEETINGS, CONFERENCES","SHARING"],"inLanguage":"en-US"},{"@type":"WebPage","@id":"https:\/\/projetcoal.org\/en\/sharing\/conference-dans-quelle-vie-tu-mondes-center-pompidou-metz\/","url":"https:\/\/projetcoal.org\/en\/sharing\/conference-dans-quelle-vie-tu-mondes-center-pompidou-metz\/","name":"Conference \"Dans Quelle Vie tu Monde(s)?\" - Center Pompidou Metz - COAL","isPartOf":{"@id":"https:\/\/projetcoal.org\/en\/#website"},"primaryImageOfPage":{"@id":"https:\/\/projetcoal.org\/en\/sharing\/conference-dans-quelle-vie-tu-mondes-center-pompidou-metz\/#primaryimage"},"image":{"@id":"https:\/\/projetcoal.org\/en\/sharing\/conference-dans-quelle-vie-tu-mondes-center-pompidou-metz\/#primaryimage"},"thumbnailUrl":"https:\/\/projetcoal.org\/wp-content\/uploads\/2014\/04\/Capture-d\u2019\u00e9cran-2014-04-16-\u00e0-14.47.151.png","datePublished":"2014-04-02T23:01:16+00:00","dateModified":"2022-11-29T12:35:32+00:00","breadcrumb":{"@id":"https:\/\/projetcoal.org\/en\/sharing\/conference-dans-quelle-vie-tu-mondes-center-pompidou-metz\/#breadcrumb"},"inLanguage":"en-US","potentialAction":[{"@type":"ReadAction","target":["https:\/\/projetcoal.org\/en\/sharing\/conference-dans-quelle-vie-tu-mondes-center-pompidou-metz\/"]}]},{"@type":"ImageObject","inLanguage":"en-US","@id":"https:\/\/projetcoal.org\/en\/sharing\/conference-dans-quelle-vie-tu-mondes-center-pompidou-metz\/#primaryimage","url":"https:\/\/projetcoal.org\/wp-content\/uploads\/2014\/04\/Capture-d\u2019\u00e9cran-2014-04-16-\u00e0-14.47.151.png","contentUrl":"https:\/\/projetcoal.org\/wp-content\/uploads\/2014\/04\/Capture-d\u2019\u00e9cran-2014-04-16-\u00e0-14.47.151.png","width":500,"height":228},{"@type":"BreadcrumbList","@id":"https:\/\/projetcoal.org\/en\/sharing\/conference-dans-quelle-vie-tu-mondes-center-pompidou-metz\/#breadcrumb","itemListElement":[{"@type":"ListItem","position":1,"name":"SHARING","item":"https:\/\/projetcoal.org\/en\/actions\/sharing\/"},{"@type":"ListItem","position":2,"name":"MEETINGS, CONFERENCES","item":"https:\/\/projetcoal.org\/en\/actions\/sharing\/meetings-conferences-2\/"},{"@type":"ListItem","position":3,"name":"Conference \"Dans Quelle Vie tu Monde(s)?\" - Center Pompidou Metz"}]},{"@type":"WebSite","@id":"https:\/\/projetcoal.org\/en\/#website","url":"https:\/\/projetcoal.org\/en\/","name":"COAL","description":"","publisher":{"@id":"https:\/\/projetcoal.org\/en\/#organization"},"alternateName":"Coalition pour une \u00e9cologie culturelle","potentialAction":[{"@type":"SearchAction","target":{"@type":"EntryPoint","urlTemplate":"https:\/\/projetcoal.org\/en\/?s={search_term_string}"},"query-input":{"@type":"PropertyValueSpecification","valueRequired":true,"valueName":"search_term_string"}}],"inLanguage":"en-US"},{"@type":"Organization","@id":"https:\/\/projetcoal.org\/en\/#organization","name":"COAL","alternateName":"Coalition pour une \u00e9cologie culturelle","url":"https:\/\/projetcoal.org\/en\/","logo":{"@type":"ImageObject","inLanguage":"en-US","@id":"https:\/\/projetcoal.org\/en\/#\/schema\/logo\/image\/","url":"https:\/\/projetcoal.org\/wp-content\/uploads\/2022\/11\/og.jpg","contentUrl":"https:\/\/projetcoal.org\/wp-content\/uploads\/2022\/11\/og.jpg","width":1200,"height":630,"caption":"COAL"},"image":{"@id":"https:\/\/projetcoal.org\/en\/#\/schema\/logo\/image\/"},"sameAs":["https:\/\/www.facebook.com\/coalparis\/","https:\/\/www.instagram.com\/coal_art.ecologie\/"]},{"@type":"Person","@id":"https:\/\/projetcoal.org\/en\/#\/schema\/person\/61725f97f01129ca126c9ac3775f30f4","name":"COAL","image":{"@type":"ImageObject","inLanguage":"en-US","@id":"https:\/\/projetcoal.org\/en\/#\/schema\/person\/image\/","url":"https:\/\/secure.gravatar.com\/avatar\/ecfacda1a9f429615d099f92930a0a6f?s=96&d=mm&r=g","contentUrl":"https:\/\/secure.gravatar.com\/avatar\/ecfacda1a9f429615d099f92930a0a6f?s=96&d=mm&r=g","caption":"COAL"},"url":"https:\/\/projetcoal.org\/en\/author\/coal\/"}]}},"_links":{"self":[{"href":"https:\/\/projetcoal.org\/en\/wp-json\/wp\/v2\/posts\/33169","targetHints":{"allow":["GET"]}}],"collection":[{"href":"https:\/\/projetcoal.org\/en\/wp-json\/wp\/v2\/posts"}],"about":[{"href":"https:\/\/projetcoal.org\/en\/wp-json\/wp\/v2\/types\/post"}],"author":[{"embeddable":true,"href":"https:\/\/projetcoal.org\/en\/wp-json\/wp\/v2\/users\/1"}],"replies":[{"embeddable":true,"href":"https:\/\/projetcoal.org\/en\/wp-json\/wp\/v2\/comments?post=33169"}],"version-history":[{"count":0,"href":"https:\/\/projetcoal.org\/en\/wp-json\/wp\/v2\/posts\/33169\/revisions"}],"wp:featuredmedia":[{"embeddable":true,"href":"https:\/\/projetcoal.org\/en\/wp-json\/wp\/v2\/media\/26404"}],"wp:attachment":[{"href":"https:\/\/projetcoal.org\/en\/wp-json\/wp\/v2\/media?parent=33169"}],"wp:term":[{"taxonomy":"category","embeddable":true,"href":"https:\/\/projetcoal.org\/en\/wp-json\/wp\/v2\/categories?post=33169"},{"taxonomy":"post_tag","embeddable":true,"href":"https:\/\/projetcoal.org\/en\/wp-json\/wp\/v2\/tags?post=33169"}],"curies":[{"name":"wp","href":"https:\/\/api.w.org\/{rel}","templated":true}]}}