{"id":33199,"date":"2016-05-03T12:43:38","date_gmt":"2016-05-03T11:43:38","guid":{"rendered":"https:\/\/projetcoal.org\/uncategorized\/round-table-1986-2016-the-imaginary-of-chernobyl-at-the-gaite-lyrique\/"},"modified":"2022-11-29T13:29:25","modified_gmt":"2022-11-29T12:29:25","slug":"round-table-1986-2016-the-imaginary-of-chernobyl-at-the-gaite-lyrique","status":"publish","type":"post","link":"https:\/\/projetcoal.org\/en\/sharing\/round-table-1986-2016-the-imaginary-of-chernobyl-at-the-gaite-lyrique\/","title":{"rendered":"Round-table: &#8220;1986-2016: The imaginary of Chernobyl&#8221; at the Ga\u00eet\u00e9 lyrique"},"content":{"rendered":"<p><a href=\"https:\/\/projetcoal.org\/wp-content\/uploads\/2016\/05\/Capture-d%E2%80%99%C3%A9cran-2016-05-16-%C3%A0-11.46.54.png\"><img loading=\"lazy\" decoding=\"async\" class=\"aligncenter size-full wp-image-13585\" title=\"Screenshot 2016-05-16 at 11.46.54\" src=\"https:\/\/projetcoal.org\/wp-content\/uploads\/2016\/05\/Capture-d%E2%80%99%C3%A9cran-2016-05-16-%C3%A0-11.46.54-e1463392038993.png\" alt=\"\" width=\"500\" height=\"370\" \/><\/a><\/p>\n<p><strong>On May 6, from 6:30 pm to 9 pm, on the Plateau M\u00e9dia of the Ga\u00eet\u00e9 lyrique, COAL, with the collaboration of the <a href=\"http:\/\/mindscape.foundation\/\" target=\"_blank\" rel=\"noopener\">Mindscape Foundation<\/a> and the editions <a href=\"http:\/\/www.premierparallele.fr\/\" target=\"_blank\" rel=\"noopener\">First Parallel<\/a>Galia Ackerman (essayist and journalist), Thomas Johnson (author) and Ana\u00efs Tondeur (artist) to discuss the Chernobyl disaster. <\/strong><\/p>\n<p>The films <em><br \/>\n<strong>Sanctuary<\/strong><br \/>\n<\/em> by Louis Jammes (2015) and <em><br \/>\n<strong>Bambi in Chernobyl<\/strong><br \/>\n<\/em> (2013) by the artist <strong>Angelika Markul<\/strong> will be screened on this occasion.<\/p>\n<p>A key event in the European collective imagination, the Chernobyl disaster, 30 years later, remains an accident that colors all debates on nuclear energy.<br \/>\nToo often, however, these debates, under the guise of scientific argumentation, are structured by representations, an imaginary world or ideologies with Chernobyl as the backdrop of the ultimate nuclear danger that sterilizes the earth and transmutes living organisms.<\/p>\n<p>Why is it so difficult to address the nuclear issue?<br \/>\nBecause this phenomenon is invisible and because its effects unfold on complex, indirect and uncertain scales of time, space and causality.<\/p>\n<p>So who better than artists, who can make the invisible and the complex perceptible and approach the nuclear question with a different eye, to try to question Chernobyl?<br \/>\nMany have done it, explored it, exposed it. Some discovered the surprising vitality of nature there, others the persistence of the nuclear phenomenon, others finally a suspended time.<\/p>\n<p>It is thus under the glance of art, without seeking the political debate but only to share individual feelings on Chernobyl, that the Ga\u00eet\u00e9 lyrique proposes to commemorate the anniversary of 30 years of the catastrophe started on April 26.<\/p>\n<p>On May 6, without the phenomenon being immediately understood, the core of the reactor collapsed to solidify 20 meters below and stop the massive emissions of radioactivity, leaving the possibility of coming the time of the &#8220;sarcophagus&#8221; that has continued since.<\/p>\n<p><span style=\"text-decoration: underline;\">Stakeholders<br \/>\n<\/span><\/p>\n<p><strong>Galia <\/strong><strong>Ackerman<\/strong> is a Russian-born essayist, journalist and translator. <em>Crossing Chernobyl <\/em>is her third book on the subject. It was published in March <a href=\"http:\/\/www.premierparallele.fr\/livre\/traverser-tchernobyl\">by Premier Parall\u00e8le<\/a>. She also curated the largest exhibition ever held on the subject, in 2006 in Barcelona.<\/p>\n<p><strong>Thomas Johnson<\/strong>, born in 1955 in Grenoble, France, is an international reporter and documentary film director. He <em>directed The Battle of Chernobyl<\/em>, which received seven international awards. As praised by Le Monde, this documentary, which has become a must-see on the subject, <em>&#8220;tells the story of this catastrophe with sober talent.&#8221;<\/em><\/p>\n<p><strong>Ana\u00efs Tondeur <\/strong>is a plastic artist. With philosopher Michael Marder, she published <em>The Herbarium of Chernobyl, Fragments of a Splintered Consciousness<\/em> with the Mindscape Foundation, Implicit Collection (bilingual French-English version) and with Open Humanities Press (original version). In this book she presents a series of photographs: rayograms of plants growing in the irradiated soil of Chernobyl.<\/p>\n<p><span style=\"text-decoration: underline;\">Projections<\/span><\/p>\n<p><strong>Louis Jammes, <em>Sanctuary<\/em><\/strong><\/p>\n<p><strong>Angelika Markul, <em>Bambi \u00e0 Tchernobyl<\/em><\/strong><strong> <em><br \/>\n<\/em><\/strong>Film, color, sound 13&#8217;26<br \/>\nChernobyl is a no man&#8217;s land following the nuclear disaster of 1986. Since then, nature seems to have regained all its rights: fauna and flora gradually invade the ruins of a world fled by men and transformed by the artist into a dreamlike world, between reality and fiction, evoking childhood fears. The artist was inspired by the cartoon Bambi (1942) to ask the composer Franck Krawczyk to imagine an original creation, as familiar as it is disturbing<\/p>\n<p><span style=\"text-decoration: underline;\"> Animation<br \/>\n<\/span><strong><br \/>\n<a href=\"http:\/\/damienmacdonald.com\/\" target=\"_blank\" rel=\"noopener\">Damien MacDonald<\/a><br \/>\n<\/strong> is an author, illustrator and curator. He currently works at the Mindscape Foundation under the aegis of the Fondation de France.<\/p>\n<p><strong>A meeting proposed by COAL, Art and Ecology.<br \/>\nIn<\/strong>a multidisciplinary and innovative spirit, COAL mobilizes artists and cultural actors on societal and environmental issues. COAL relays the international news of art related to ecology on Ressource0.com, organizes the COAL Art and Environment Prize, and accompanies communities and institutions in a cultural approach to environmental issues. Since 2015, COAL is a member of Imagine2020, a European cooperation network around Art and Climate Change, which brings together twelve cultural structures in Europe.<\/p>\n<p>&nbsp;<\/p>\n<p><strong><em>1986-2016 : Imaginaries of Chernobyl<\/em><br \/>\nFriday, May 6, from 6:30 to 9:00 p.m.<br \/>\n<\/strong>Plateau M\u00e9dia de la Ga\u00eet\u00e9 lyrique<\/p>\n<p><a href=\"https:\/\/www.facebook.com\/events\/291665827831552\/\">Join the Facebook event<\/a><\/p>\n<p>&nbsp;<\/p>\n<p><span style=\"font-size: 0.83em;\">Image credit: Ana\u00efs Tondeur, Chernobyl Herbarium, Unknown species, Exclusion zone, Chernobyl, Ukraine &#8211; <\/span><span style=\"font-size: 0.83em;\">Radiation level 1.7 microsieverts\/h &#8211; Rayogram, 24&#215;36 cm, 2011-16<\/span><\/p>\n","protected":false},"excerpt":{"rendered":"<p>On May 6, from 6:30 pm to 9 pm, on the Plateau M\u00e9dia of the Ga\u00eet\u00e9 lyrique, COAL, with the collaboration of the Mindscape Foundation and the editions First ParallelGalia Ackerman (essayist and journalist), Thomas Johnson (author) and Ana\u00efs Tondeur (artist) to discuss the Chernobyl disaster. The films Sanctuary by Louis Jammes (2015) and Bambi [&hellip;]<\/p>\n","protected":false},"author":1,"featured_media":26977,"comment_status":"closed","ping_status":"closed","sticky":false,"template":"","format":"standard","meta":{"_acf_changed":false,"footnotes":""},"categories":[194,173],"tags":[],"class_list":["post-33199","post","type-post","status-publish","format-standard","has-post-thumbnail","hentry","category-meetings-conferences-2","category-sharing"],"acf":[],"yoast_head":"<!-- This site is optimized with the Yoast SEO plugin v26.2 - https:\/\/yoast.com\/wordpress\/plugins\/seo\/ -->\n<title>Round-table: &quot;1986-2016: The imaginary of Chernobyl&quot; at the Ga\u00eet\u00e9 lyrique - COAL<\/title>\n<meta name=\"robots\" content=\"index, follow, max-snippet:-1, max-image-preview:large, max-video-preview:-1\" \/>\n<link rel=\"canonical\" href=\"https:\/\/projetcoal.org\/en\/sharing\/round-table-1986-2016-the-imaginary-of-chernobyl-at-the-gaite-lyrique\/\" \/>\n<meta property=\"og:locale\" content=\"en_US\" \/>\n<meta property=\"og:type\" content=\"article\" \/>\n<meta property=\"og:title\" content=\"Round-table: &quot;1986-2016: The imaginary of Chernobyl&quot; at the Ga\u00eet\u00e9 lyrique - COAL\" \/>\n<meta property=\"og:url\" content=\"https:\/\/projetcoal.org\/en\/sharing\/round-table-1986-2016-the-imaginary-of-chernobyl-at-the-gaite-lyrique\/\" \/>\n<meta property=\"og:site_name\" content=\"COAL\" \/>\n<meta property=\"article:publisher\" content=\"https:\/\/www.facebook.com\/coalparis\/\" \/>\n<meta property=\"article:published_time\" content=\"2016-05-03T11:43:38+00:00\" \/>\n<meta property=\"article:modified_time\" content=\"2022-11-29T12:29:25+00:00\" \/>\n<meta property=\"og:image\" content=\"https:\/\/projetcoal.org\/wp-content\/uploads\/2016\/05\/Capture-d\u2019\u00e9cran-2016-05-16-\u00e0-11.46.54-e1463392038993.png\" \/>\n\t<meta property=\"og:image:width\" content=\"500\" \/>\n\t<meta property=\"og:image:height\" content=\"370\" \/>\n\t<meta property=\"og:image:type\" content=\"image\/png\" \/>\n<meta name=\"author\" content=\"COAL\" \/>\n<meta name=\"twitter:card\" content=\"summary_large_image\" \/>\n<meta name=\"twitter:label1\" content=\"Written by\" \/>\n\t<meta name=\"twitter:data1\" content=\"COAL\" \/>\n\t<meta name=\"twitter:label2\" content=\"Est. reading time\" \/>\n\t<meta name=\"twitter:data2\" content=\"4 minutes\" \/>\n<script type=\"application\/ld+json\" class=\"yoast-schema-graph\">{\"@context\":\"https:\/\/schema.org\",\"@graph\":[{\"@type\":\"Article\",\"@id\":\"https:\/\/projetcoal.org\/en\/sharing\/round-table-1986-2016-the-imaginary-of-chernobyl-at-the-gaite-lyrique\/#article\",\"isPartOf\":{\"@id\":\"https:\/\/projetcoal.org\/en\/sharing\/round-table-1986-2016-the-imaginary-of-chernobyl-at-the-gaite-lyrique\/\"},\"author\":{\"name\":\"COAL\",\"@id\":\"https:\/\/projetcoal.org\/en\/#\/schema\/person\/61725f97f01129ca126c9ac3775f30f4\"},\"headline\":\"Round-table: &#8220;1986-2016: The imaginary of Chernobyl&#8221; at the Ga\u00eet\u00e9 lyrique\",\"datePublished\":\"2016-05-03T11:43:38+00:00\",\"dateModified\":\"2022-11-29T12:29:25+00:00\",\"mainEntityOfPage\":{\"@id\":\"https:\/\/projetcoal.org\/en\/sharing\/round-table-1986-2016-the-imaginary-of-chernobyl-at-the-gaite-lyrique\/\"},\"wordCount\":691,\"publisher\":{\"@id\":\"https:\/\/projetcoal.org\/en\/#organization\"},\"image\":{\"@id\":\"https:\/\/projetcoal.org\/en\/sharing\/round-table-1986-2016-the-imaginary-of-chernobyl-at-the-gaite-lyrique\/#primaryimage\"},\"thumbnailUrl\":\"https:\/\/projetcoal.org\/wp-content\/uploads\/2016\/05\/Capture-d\u2019\u00e9cran-2016-05-16-\u00e0-11.46.54-e1463392038993.png\",\"articleSection\":[\"MEETINGS, CONFERENCES\",\"SHARING\"],\"inLanguage\":\"en-US\"},{\"@type\":\"WebPage\",\"@id\":\"https:\/\/projetcoal.org\/en\/sharing\/round-table-1986-2016-the-imaginary-of-chernobyl-at-the-gaite-lyrique\/\",\"url\":\"https:\/\/projetcoal.org\/en\/sharing\/round-table-1986-2016-the-imaginary-of-chernobyl-at-the-gaite-lyrique\/\",\"name\":\"Round-table: \\\"1986-2016: The imaginary of Chernobyl\\\" at the Ga\u00eet\u00e9 lyrique - COAL\",\"isPartOf\":{\"@id\":\"https:\/\/projetcoal.org\/en\/#website\"},\"primaryImageOfPage\":{\"@id\":\"https:\/\/projetcoal.org\/en\/sharing\/round-table-1986-2016-the-imaginary-of-chernobyl-at-the-gaite-lyrique\/#primaryimage\"},\"image\":{\"@id\":\"https:\/\/projetcoal.org\/en\/sharing\/round-table-1986-2016-the-imaginary-of-chernobyl-at-the-gaite-lyrique\/#primaryimage\"},\"thumbnailUrl\":\"https:\/\/projetcoal.org\/wp-content\/uploads\/2016\/05\/Capture-d\u2019\u00e9cran-2016-05-16-\u00e0-11.46.54-e1463392038993.png\",\"datePublished\":\"2016-05-03T11:43:38+00:00\",\"dateModified\":\"2022-11-29T12:29:25+00:00\",\"breadcrumb\":{\"@id\":\"https:\/\/projetcoal.org\/en\/sharing\/round-table-1986-2016-the-imaginary-of-chernobyl-at-the-gaite-lyrique\/#breadcrumb\"},\"inLanguage\":\"en-US\",\"potentialAction\":[{\"@type\":\"ReadAction\",\"target\":[\"https:\/\/projetcoal.org\/en\/sharing\/round-table-1986-2016-the-imaginary-of-chernobyl-at-the-gaite-lyrique\/\"]}]},{\"@type\":\"ImageObject\",\"inLanguage\":\"en-US\",\"@id\":\"https:\/\/projetcoal.org\/en\/sharing\/round-table-1986-2016-the-imaginary-of-chernobyl-at-the-gaite-lyrique\/#primaryimage\",\"url\":\"https:\/\/projetcoal.org\/wp-content\/uploads\/2016\/05\/Capture-d\u2019\u00e9cran-2016-05-16-\u00e0-11.46.54-e1463392038993.png\",\"contentUrl\":\"https:\/\/projetcoal.org\/wp-content\/uploads\/2016\/05\/Capture-d\u2019\u00e9cran-2016-05-16-\u00e0-11.46.54-e1463392038993.png\",\"width\":500,\"height\":370},{\"@type\":\"BreadcrumbList\",\"@id\":\"https:\/\/projetcoal.org\/en\/sharing\/round-table-1986-2016-the-imaginary-of-chernobyl-at-the-gaite-lyrique\/#breadcrumb\",\"itemListElement\":[{\"@type\":\"ListItem\",\"position\":1,\"name\":\"SHARING\",\"item\":\"https:\/\/projetcoal.org\/en\/actions\/sharing\/\"},{\"@type\":\"ListItem\",\"position\":2,\"name\":\"MEETINGS, CONFERENCES\",\"item\":\"https:\/\/projetcoal.org\/en\/actions\/sharing\/meetings-conferences-2\/\"},{\"@type\":\"ListItem\",\"position\":3,\"name\":\"Round-table: \\\"1986-2016: The imaginary of Chernobyl\\\" at the Ga\u00eet\u00e9 lyrique\"}]},{\"@type\":\"WebSite\",\"@id\":\"https:\/\/projetcoal.org\/en\/#website\",\"url\":\"https:\/\/projetcoal.org\/en\/\",\"name\":\"COAL\",\"description\":\"\",\"publisher\":{\"@id\":\"https:\/\/projetcoal.org\/en\/#organization\"},\"alternateName\":\"Coalition pour une \u00e9cologie culturelle\",\"potentialAction\":[{\"@type\":\"SearchAction\",\"target\":{\"@type\":\"EntryPoint\",\"urlTemplate\":\"https:\/\/projetcoal.org\/en\/?s={search_term_string}\"},\"query-input\":{\"@type\":\"PropertyValueSpecification\",\"valueRequired\":true,\"valueName\":\"search_term_string\"}}],\"inLanguage\":\"en-US\"},{\"@type\":\"Organization\",\"@id\":\"https:\/\/projetcoal.org\/en\/#organization\",\"name\":\"COAL\",\"alternateName\":\"Coalition pour une \u00e9cologie culturelle\",\"url\":\"https:\/\/projetcoal.org\/en\/\",\"logo\":{\"@type\":\"ImageObject\",\"inLanguage\":\"en-US\",\"@id\":\"https:\/\/projetcoal.org\/en\/#\/schema\/logo\/image\/\",\"url\":\"https:\/\/projetcoal.org\/wp-content\/uploads\/2022\/11\/og.jpg\",\"contentUrl\":\"https:\/\/projetcoal.org\/wp-content\/uploads\/2022\/11\/og.jpg\",\"width\":1200,\"height\":630,\"caption\":\"COAL\"},\"image\":{\"@id\":\"https:\/\/projetcoal.org\/en\/#\/schema\/logo\/image\/\"},\"sameAs\":[\"https:\/\/www.facebook.com\/coalparis\/\",\"https:\/\/www.instagram.com\/coal_art.ecologie\/\"]},{\"@type\":\"Person\",\"@id\":\"https:\/\/projetcoal.org\/en\/#\/schema\/person\/61725f97f01129ca126c9ac3775f30f4\",\"name\":\"COAL\",\"image\":{\"@type\":\"ImageObject\",\"inLanguage\":\"en-US\",\"@id\":\"https:\/\/projetcoal.org\/en\/#\/schema\/person\/image\/\",\"url\":\"https:\/\/secure.gravatar.com\/avatar\/ecfacda1a9f429615d099f92930a0a6f?s=96&d=mm&r=g\",\"contentUrl\":\"https:\/\/secure.gravatar.com\/avatar\/ecfacda1a9f429615d099f92930a0a6f?s=96&d=mm&r=g\",\"caption\":\"COAL\"},\"url\":\"https:\/\/projetcoal.org\/en\/author\/coal\/\"}]}<\/script>\n<!-- \/ Yoast SEO plugin. -->","yoast_head_json":{"title":"Round-table: \"1986-2016: The imaginary of Chernobyl\" at the Ga\u00eet\u00e9 lyrique - COAL","robots":{"index":"index","follow":"follow","max-snippet":"max-snippet:-1","max-image-preview":"max-image-preview:large","max-video-preview":"max-video-preview:-1"},"canonical":"https:\/\/projetcoal.org\/en\/sharing\/round-table-1986-2016-the-imaginary-of-chernobyl-at-the-gaite-lyrique\/","og_locale":"en_US","og_type":"article","og_title":"Round-table: \"1986-2016: The imaginary of Chernobyl\" at the Ga\u00eet\u00e9 lyrique - COAL","og_url":"https:\/\/projetcoal.org\/en\/sharing\/round-table-1986-2016-the-imaginary-of-chernobyl-at-the-gaite-lyrique\/","og_site_name":"COAL","article_publisher":"https:\/\/www.facebook.com\/coalparis\/","article_published_time":"2016-05-03T11:43:38+00:00","article_modified_time":"2022-11-29T12:29:25+00:00","og_image":[{"width":500,"height":370,"url":"https:\/\/projetcoal.org\/wp-content\/uploads\/2016\/05\/Capture-d\u2019\u00e9cran-2016-05-16-\u00e0-11.46.54-e1463392038993.png","type":"image\/png"}],"author":"COAL","twitter_card":"summary_large_image","twitter_misc":{"Written by":"COAL","Est. reading time":"4 minutes"},"schema":{"@context":"https:\/\/schema.org","@graph":[{"@type":"Article","@id":"https:\/\/projetcoal.org\/en\/sharing\/round-table-1986-2016-the-imaginary-of-chernobyl-at-the-gaite-lyrique\/#article","isPartOf":{"@id":"https:\/\/projetcoal.org\/en\/sharing\/round-table-1986-2016-the-imaginary-of-chernobyl-at-the-gaite-lyrique\/"},"author":{"name":"COAL","@id":"https:\/\/projetcoal.org\/en\/#\/schema\/person\/61725f97f01129ca126c9ac3775f30f4"},"headline":"Round-table: &#8220;1986-2016: The imaginary of Chernobyl&#8221; at the Ga\u00eet\u00e9 lyrique","datePublished":"2016-05-03T11:43:38+00:00","dateModified":"2022-11-29T12:29:25+00:00","mainEntityOfPage":{"@id":"https:\/\/projetcoal.org\/en\/sharing\/round-table-1986-2016-the-imaginary-of-chernobyl-at-the-gaite-lyrique\/"},"wordCount":691,"publisher":{"@id":"https:\/\/projetcoal.org\/en\/#organization"},"image":{"@id":"https:\/\/projetcoal.org\/en\/sharing\/round-table-1986-2016-the-imaginary-of-chernobyl-at-the-gaite-lyrique\/#primaryimage"},"thumbnailUrl":"https:\/\/projetcoal.org\/wp-content\/uploads\/2016\/05\/Capture-d\u2019\u00e9cran-2016-05-16-\u00e0-11.46.54-e1463392038993.png","articleSection":["MEETINGS, CONFERENCES","SHARING"],"inLanguage":"en-US"},{"@type":"WebPage","@id":"https:\/\/projetcoal.org\/en\/sharing\/round-table-1986-2016-the-imaginary-of-chernobyl-at-the-gaite-lyrique\/","url":"https:\/\/projetcoal.org\/en\/sharing\/round-table-1986-2016-the-imaginary-of-chernobyl-at-the-gaite-lyrique\/","name":"Round-table: \"1986-2016: The imaginary of Chernobyl\" at the Ga\u00eet\u00e9 lyrique - COAL","isPartOf":{"@id":"https:\/\/projetcoal.org\/en\/#website"},"primaryImageOfPage":{"@id":"https:\/\/projetcoal.org\/en\/sharing\/round-table-1986-2016-the-imaginary-of-chernobyl-at-the-gaite-lyrique\/#primaryimage"},"image":{"@id":"https:\/\/projetcoal.org\/en\/sharing\/round-table-1986-2016-the-imaginary-of-chernobyl-at-the-gaite-lyrique\/#primaryimage"},"thumbnailUrl":"https:\/\/projetcoal.org\/wp-content\/uploads\/2016\/05\/Capture-d\u2019\u00e9cran-2016-05-16-\u00e0-11.46.54-e1463392038993.png","datePublished":"2016-05-03T11:43:38+00:00","dateModified":"2022-11-29T12:29:25+00:00","breadcrumb":{"@id":"https:\/\/projetcoal.org\/en\/sharing\/round-table-1986-2016-the-imaginary-of-chernobyl-at-the-gaite-lyrique\/#breadcrumb"},"inLanguage":"en-US","potentialAction":[{"@type":"ReadAction","target":["https:\/\/projetcoal.org\/en\/sharing\/round-table-1986-2016-the-imaginary-of-chernobyl-at-the-gaite-lyrique\/"]}]},{"@type":"ImageObject","inLanguage":"en-US","@id":"https:\/\/projetcoal.org\/en\/sharing\/round-table-1986-2016-the-imaginary-of-chernobyl-at-the-gaite-lyrique\/#primaryimage","url":"https:\/\/projetcoal.org\/wp-content\/uploads\/2016\/05\/Capture-d\u2019\u00e9cran-2016-05-16-\u00e0-11.46.54-e1463392038993.png","contentUrl":"https:\/\/projetcoal.org\/wp-content\/uploads\/2016\/05\/Capture-d\u2019\u00e9cran-2016-05-16-\u00e0-11.46.54-e1463392038993.png","width":500,"height":370},{"@type":"BreadcrumbList","@id":"https:\/\/projetcoal.org\/en\/sharing\/round-table-1986-2016-the-imaginary-of-chernobyl-at-the-gaite-lyrique\/#breadcrumb","itemListElement":[{"@type":"ListItem","position":1,"name":"SHARING","item":"https:\/\/projetcoal.org\/en\/actions\/sharing\/"},{"@type":"ListItem","position":2,"name":"MEETINGS, CONFERENCES","item":"https:\/\/projetcoal.org\/en\/actions\/sharing\/meetings-conferences-2\/"},{"@type":"ListItem","position":3,"name":"Round-table: \"1986-2016: The imaginary of Chernobyl\" at the Ga\u00eet\u00e9 lyrique"}]},{"@type":"WebSite","@id":"https:\/\/projetcoal.org\/en\/#website","url":"https:\/\/projetcoal.org\/en\/","name":"COAL","description":"","publisher":{"@id":"https:\/\/projetcoal.org\/en\/#organization"},"alternateName":"Coalition pour une \u00e9cologie culturelle","potentialAction":[{"@type":"SearchAction","target":{"@type":"EntryPoint","urlTemplate":"https:\/\/projetcoal.org\/en\/?s={search_term_string}"},"query-input":{"@type":"PropertyValueSpecification","valueRequired":true,"valueName":"search_term_string"}}],"inLanguage":"en-US"},{"@type":"Organization","@id":"https:\/\/projetcoal.org\/en\/#organization","name":"COAL","alternateName":"Coalition pour une \u00e9cologie culturelle","url":"https:\/\/projetcoal.org\/en\/","logo":{"@type":"ImageObject","inLanguage":"en-US","@id":"https:\/\/projetcoal.org\/en\/#\/schema\/logo\/image\/","url":"https:\/\/projetcoal.org\/wp-content\/uploads\/2022\/11\/og.jpg","contentUrl":"https:\/\/projetcoal.org\/wp-content\/uploads\/2022\/11\/og.jpg","width":1200,"height":630,"caption":"COAL"},"image":{"@id":"https:\/\/projetcoal.org\/en\/#\/schema\/logo\/image\/"},"sameAs":["https:\/\/www.facebook.com\/coalparis\/","https:\/\/www.instagram.com\/coal_art.ecologie\/"]},{"@type":"Person","@id":"https:\/\/projetcoal.org\/en\/#\/schema\/person\/61725f97f01129ca126c9ac3775f30f4","name":"COAL","image":{"@type":"ImageObject","inLanguage":"en-US","@id":"https:\/\/projetcoal.org\/en\/#\/schema\/person\/image\/","url":"https:\/\/secure.gravatar.com\/avatar\/ecfacda1a9f429615d099f92930a0a6f?s=96&d=mm&r=g","contentUrl":"https:\/\/secure.gravatar.com\/avatar\/ecfacda1a9f429615d099f92930a0a6f?s=96&d=mm&r=g","caption":"COAL"},"url":"https:\/\/projetcoal.org\/en\/author\/coal\/"}]}},"_links":{"self":[{"href":"https:\/\/projetcoal.org\/en\/wp-json\/wp\/v2\/posts\/33199","targetHints":{"allow":["GET"]}}],"collection":[{"href":"https:\/\/projetcoal.org\/en\/wp-json\/wp\/v2\/posts"}],"about":[{"href":"https:\/\/projetcoal.org\/en\/wp-json\/wp\/v2\/types\/post"}],"author":[{"embeddable":true,"href":"https:\/\/projetcoal.org\/en\/wp-json\/wp\/v2\/users\/1"}],"replies":[{"embeddable":true,"href":"https:\/\/projetcoal.org\/en\/wp-json\/wp\/v2\/comments?post=33199"}],"version-history":[{"count":0,"href":"https:\/\/projetcoal.org\/en\/wp-json\/wp\/v2\/posts\/33199\/revisions"}],"wp:featuredmedia":[{"embeddable":true,"href":"https:\/\/projetcoal.org\/en\/wp-json\/wp\/v2\/media\/26977"}],"wp:attachment":[{"href":"https:\/\/projetcoal.org\/en\/wp-json\/wp\/v2\/media?parent=33199"}],"wp:term":[{"taxonomy":"category","embeddable":true,"href":"https:\/\/projetcoal.org\/en\/wp-json\/wp\/v2\/categories?post=33199"},{"taxonomy":"post_tag","embeddable":true,"href":"https:\/\/projetcoal.org\/en\/wp-json\/wp\/v2\/tags?post=33199"}],"curies":[{"name":"wp","href":"https:\/\/api.w.org\/{rel}","templated":true}]}}