{"id":33378,"date":"2017-07-03T09:21:53","date_gmt":"2017-07-03T08:21:53","guid":{"rendered":"https:\/\/projetcoal.org\/uncategorized\/farm-camp-summer-lab-imagine2020\/"},"modified":"2022-12-02T18:30:44","modified_gmt":"2022-12-02T17:30:44","slug":"farm-camp-summer-lab-imagine2020","status":"publish","type":"post","link":"https:\/\/projetcoal.org\/en\/sharing\/european-cooperation\/farm-camp-summer-lab-imagine2020\/","title":{"rendered":"FARM CAMP ! Summer lab Imagine2020"},"content":{"rendered":"<p><a href=\"https:\/\/projetcoal.org\/wp-content\/uploads\/2017\/07\/P1140534.jpg\"><img loading=\"lazy\" decoding=\"async\" class=\"aligncenter size-full wp-image-15360\" title=\"P1140534\" src=\"https:\/\/projetcoal.org\/wp-content\/uploads\/2017\/07\/P1140534.jpg\" alt=\"\" width=\"500\" height=\"334\"><\/a><\/p>\n<p>COAL and the Poetic Party are organizing &#8220;Farm Camp!&#8221;, the European SummerLab of the Imagine2020 network, as part of the Laboratory of Sustainable Culture#2 The Table and the Territory. Twelve artists chosen by the member structures of the Imagine2020 network are invited for 4 days to Zone Sensible &#8211; Ferme Urbaine de Saint-Denis. Four days to confront the issues of the relationship between food and territory in a context of necessary adaptation to climate change from the concrete example of the Saint-Denis Farm. Each participant is thus asked to produce a work in response to the Farm&#8217;s project and the questions raised, using the means of his or her choice.<\/p>\n<p><strong>The Laboratory of Sustainable Culture#2 &#8220;The Table and the Territory<\/strong><\/p>\n<p id=\"tw-target-text\" dir=\"ltr\">It is within the framework of the second edition of our Laboratory of Sustainable Culture#2 &#8220;The Table and the Territory&#8221;, that FARM CAMP takes place!<\/p>\n<p>To experiment and implement a cultural approach to the ecological transition of territories, COAL and the LADYSS-CNRS (Laboratoire Dynamiques Sociales et Recomposition des Espaces) have created the Laboratory of Sustainable Culture, a collaborative program at the crossroads of the humanities, natural sciences and the arts. The session &#8220;The Table and the Territory&#8221; focuses specifically on sustainable food issues and brings together artists and scientists (ENS Paris, ENS Lyon, INRA Lyon, LADYSS) on innovative experimental sites in the field of sustainable food in France, including Zone Sensible &#8211; Urban Farm of Saint-Denis. The productions made together are shared through exhibitions, editions and public events.<\/p>\n<p><strong>Sensitive area, Urban Farm of Saint-Denis<\/strong><\/p>\n<p>FARM CAMP! takes place at Zone Sensible &#8211; Urban Farm of Saint-Denis. This place is the result of the takeover by the Poetic Party of the last remaining 19th century market garden farm at the gates of Paris. Since March 2017, the Parti Po\u00e9tique, an artistic collective founded around artist Olivier Darn\u00e9, has been developing a four-hectare permaculture farm and cultural programming on the theme of &#8220;Nature-Culture-Food&#8221; as part of a cooking academy project in partnership with Michelin-starred chef Alain Ducasse.<\/p>\n<p>The objectives of this local and participative project are to safeguard biodiversity in the heart of the city, to carry out a cultural action in dialogue with the territory, to contribute to the professional integration of the inhabitants, and to promote the cultural diversity of Seine-Saint-Denis.<\/p>\n<p dir=\"ltr\"><strong>On the program of FARM CAMP !<\/strong><\/p>\n<p>Putting themselves in the situation of farm workers, the artists organize their camp on the site of the Farm and produce new creations around the issues of sustainable food. This first international residency is the beginning of a local and popular collection of contemporary art &#8220;made in 93&#8221; on the site of the Urban Farm in full reconversion.<\/p>\n<p>The Imagine2020 network structures have each invited one or more artists to participate in SummerLab 2017. Guest artists include Siobhan McGrath (UK), Maria Lucia Cruz Correia (SI), Gosie Vervloessem (BE), Theo Omambala (UK), Maidie van den bos (NL), M\u0101rti\u0146\u0161 Zari\u0146\u0161 and Toms Treinis (LG), Olivier Nattes, Pauline Toyer and Celsian Langlois (FR).<\/p>\n<p><strong>The partners<\/strong><\/p>\n<p>This initiative is funded by the European Union through the Imagine2020 network. The Laboratory for Sustainable Culture is also supported by the Ministry of Culture and Communication and the Carasso Foundation.<\/p>\n<p><strong>European SummerLab FARM CAMP<br \/>\n<\/strong><strong>Sensitive Area &#8211; Urban Farm of Saint-Denis<br \/>\n<\/strong><strong>July 6 &#8211; 9, 2017<\/strong><\/p>\n<p><a href=\"https:\/\/projetcoal.org\/wp-content\/uploads\/2017\/07\/logos-lab1.png\"><img loading=\"lazy\" decoding=\"async\" class=\"aligncenter size-full wp-image-16415\" title=\"logos-lab\" src=\"https:\/\/projetcoal.org\/wp-content\/uploads\/2017\/07\/logos-lab1.png\" alt=\"\" width=\"500\" height=\"54\"><\/a><\/p>\n<p>Photo credits \u00a9 Olivier Darn\u00e9<\/p>\n","protected":false},"excerpt":{"rendered":"<p>COAL and the Poetic Party are organizing &#8220;Farm Camp!&#8221;, the European SummerLab of the Imagine2020 network, as part of the Laboratory of Sustainable Culture#2 The Table and the Territory. Twelve artists chosen by the member structures of the Imagine2020 network are invited for 4 days to Zone Sensible &#8211; Ferme Urbaine de Saint-Denis. Four days [&hellip;]<\/p>\n","protected":false},"author":1,"featured_media":27224,"comment_status":"closed","ping_status":"closed","sticky":false,"template":"","format":"standard","meta":{"_acf_changed":false,"footnotes":""},"categories":[168,173],"tags":[],"class_list":["post-33378","post","type-post","status-publish","format-standard","has-post-thumbnail","hentry","category-european-cooperation","category-sharing"],"acf":[],"yoast_head":"<!-- This site is optimized with the Yoast SEO plugin v26.2 - https:\/\/yoast.com\/wordpress\/plugins\/seo\/ -->\n<title>FARM CAMP ! Summer lab Imagine2020 - COAL<\/title>\n<meta name=\"robots\" content=\"index, follow, max-snippet:-1, max-image-preview:large, max-video-preview:-1\" \/>\n<link rel=\"canonical\" href=\"https:\/\/projetcoal.org\/en\/sharing\/european-cooperation\/farm-camp-summer-lab-imagine2020\/\" \/>\n<meta property=\"og:locale\" content=\"en_US\" \/>\n<meta property=\"og:type\" content=\"article\" \/>\n<meta property=\"og:title\" content=\"FARM CAMP ! Summer lab Imagine2020 - COAL\" \/>\n<meta property=\"og:url\" content=\"https:\/\/projetcoal.org\/en\/sharing\/european-cooperation\/farm-camp-summer-lab-imagine2020\/\" \/>\n<meta property=\"og:site_name\" content=\"COAL\" \/>\n<meta property=\"article:publisher\" content=\"https:\/\/www.facebook.com\/coalparis\/\" \/>\n<meta property=\"article:published_time\" content=\"2017-07-03T08:21:53+00:00\" \/>\n<meta property=\"article:modified_time\" content=\"2022-12-02T17:30:44+00:00\" \/>\n<meta property=\"og:image\" content=\"https:\/\/projetcoal.org\/wp-content\/uploads\/2017\/07\/P1140534.jpg\" \/>\n\t<meta property=\"og:image:width\" content=\"500\" \/>\n\t<meta property=\"og:image:height\" content=\"334\" \/>\n\t<meta property=\"og:image:type\" content=\"image\/jpeg\" \/>\n<meta name=\"author\" content=\"COAL\" \/>\n<meta name=\"twitter:card\" content=\"summary_large_image\" \/>\n<meta name=\"twitter:label1\" content=\"Written by\" \/>\n\t<meta name=\"twitter:data1\" content=\"COAL\" \/>\n\t<meta name=\"twitter:label2\" content=\"Est. reading time\" \/>\n\t<meta name=\"twitter:data2\" content=\"3 minutes\" \/>\n<script type=\"application\/ld+json\" class=\"yoast-schema-graph\">{\"@context\":\"https:\/\/schema.org\",\"@graph\":[{\"@type\":\"Article\",\"@id\":\"https:\/\/projetcoal.org\/en\/sharing\/european-cooperation\/farm-camp-summer-lab-imagine2020\/#article\",\"isPartOf\":{\"@id\":\"https:\/\/projetcoal.org\/en\/sharing\/european-cooperation\/farm-camp-summer-lab-imagine2020\/\"},\"author\":{\"name\":\"COAL\",\"@id\":\"https:\/\/projetcoal.org\/en\/#\/schema\/person\/61725f97f01129ca126c9ac3775f30f4\"},\"headline\":\"FARM CAMP ! Summer lab Imagine2020\",\"datePublished\":\"2017-07-03T08:21:53+00:00\",\"dateModified\":\"2022-12-02T17:30:44+00:00\",\"mainEntityOfPage\":{\"@id\":\"https:\/\/projetcoal.org\/en\/sharing\/european-cooperation\/farm-camp-summer-lab-imagine2020\/\"},\"wordCount\":550,\"publisher\":{\"@id\":\"https:\/\/projetcoal.org\/en\/#organization\"},\"image\":{\"@id\":\"https:\/\/projetcoal.org\/en\/sharing\/european-cooperation\/farm-camp-summer-lab-imagine2020\/#primaryimage\"},\"thumbnailUrl\":\"https:\/\/projetcoal.org\/wp-content\/uploads\/2017\/07\/P1140534.jpg\",\"articleSection\":[\"EUROPEAN COOPERATION\",\"SHARING\"],\"inLanguage\":\"en-US\"},{\"@type\":\"WebPage\",\"@id\":\"https:\/\/projetcoal.org\/en\/sharing\/european-cooperation\/farm-camp-summer-lab-imagine2020\/\",\"url\":\"https:\/\/projetcoal.org\/en\/sharing\/european-cooperation\/farm-camp-summer-lab-imagine2020\/\",\"name\":\"FARM CAMP ! Summer lab Imagine2020 - COAL\",\"isPartOf\":{\"@id\":\"https:\/\/projetcoal.org\/en\/#website\"},\"primaryImageOfPage\":{\"@id\":\"https:\/\/projetcoal.org\/en\/sharing\/european-cooperation\/farm-camp-summer-lab-imagine2020\/#primaryimage\"},\"image\":{\"@id\":\"https:\/\/projetcoal.org\/en\/sharing\/european-cooperation\/farm-camp-summer-lab-imagine2020\/#primaryimage\"},\"thumbnailUrl\":\"https:\/\/projetcoal.org\/wp-content\/uploads\/2017\/07\/P1140534.jpg\",\"datePublished\":\"2017-07-03T08:21:53+00:00\",\"dateModified\":\"2022-12-02T17:30:44+00:00\",\"breadcrumb\":{\"@id\":\"https:\/\/projetcoal.org\/en\/sharing\/european-cooperation\/farm-camp-summer-lab-imagine2020\/#breadcrumb\"},\"inLanguage\":\"en-US\",\"potentialAction\":[{\"@type\":\"ReadAction\",\"target\":[\"https:\/\/projetcoal.org\/en\/sharing\/european-cooperation\/farm-camp-summer-lab-imagine2020\/\"]}]},{\"@type\":\"ImageObject\",\"inLanguage\":\"en-US\",\"@id\":\"https:\/\/projetcoal.org\/en\/sharing\/european-cooperation\/farm-camp-summer-lab-imagine2020\/#primaryimage\",\"url\":\"https:\/\/projetcoal.org\/wp-content\/uploads\/2017\/07\/P1140534.jpg\",\"contentUrl\":\"https:\/\/projetcoal.org\/wp-content\/uploads\/2017\/07\/P1140534.jpg\",\"width\":500,\"height\":334},{\"@type\":\"BreadcrumbList\",\"@id\":\"https:\/\/projetcoal.org\/en\/sharing\/european-cooperation\/farm-camp-summer-lab-imagine2020\/#breadcrumb\",\"itemListElement\":[{\"@type\":\"ListItem\",\"position\":1,\"name\":\"SHARING\",\"item\":\"https:\/\/projetcoal.org\/en\/actions\/sharing\/\"},{\"@type\":\"ListItem\",\"position\":2,\"name\":\"EUROPEAN COOPERATION\",\"item\":\"https:\/\/projetcoal.org\/en\/actions\/sharing\/european-cooperation\/\"},{\"@type\":\"ListItem\",\"position\":3,\"name\":\"FARM CAMP ! Summer lab Imagine2020\"}]},{\"@type\":\"WebSite\",\"@id\":\"https:\/\/projetcoal.org\/en\/#website\",\"url\":\"https:\/\/projetcoal.org\/en\/\",\"name\":\"COAL\",\"description\":\"\",\"publisher\":{\"@id\":\"https:\/\/projetcoal.org\/en\/#organization\"},\"alternateName\":\"Coalition pour une \u00e9cologie culturelle\",\"potentialAction\":[{\"@type\":\"SearchAction\",\"target\":{\"@type\":\"EntryPoint\",\"urlTemplate\":\"https:\/\/projetcoal.org\/en\/?s={search_term_string}\"},\"query-input\":{\"@type\":\"PropertyValueSpecification\",\"valueRequired\":true,\"valueName\":\"search_term_string\"}}],\"inLanguage\":\"en-US\"},{\"@type\":\"Organization\",\"@id\":\"https:\/\/projetcoal.org\/en\/#organization\",\"name\":\"COAL\",\"alternateName\":\"Coalition pour une \u00e9cologie culturelle\",\"url\":\"https:\/\/projetcoal.org\/en\/\",\"logo\":{\"@type\":\"ImageObject\",\"inLanguage\":\"en-US\",\"@id\":\"https:\/\/projetcoal.org\/en\/#\/schema\/logo\/image\/\",\"url\":\"https:\/\/projetcoal.org\/wp-content\/uploads\/2022\/11\/og.jpg\",\"contentUrl\":\"https:\/\/projetcoal.org\/wp-content\/uploads\/2022\/11\/og.jpg\",\"width\":1200,\"height\":630,\"caption\":\"COAL\"},\"image\":{\"@id\":\"https:\/\/projetcoal.org\/en\/#\/schema\/logo\/image\/\"},\"sameAs\":[\"https:\/\/www.facebook.com\/coalparis\/\",\"https:\/\/www.instagram.com\/coal_art.ecologie\/\"]},{\"@type\":\"Person\",\"@id\":\"https:\/\/projetcoal.org\/en\/#\/schema\/person\/61725f97f01129ca126c9ac3775f30f4\",\"name\":\"COAL\",\"image\":{\"@type\":\"ImageObject\",\"inLanguage\":\"en-US\",\"@id\":\"https:\/\/projetcoal.org\/en\/#\/schema\/person\/image\/\",\"url\":\"https:\/\/secure.gravatar.com\/avatar\/ecfacda1a9f429615d099f92930a0a6f?s=96&d=mm&r=g\",\"contentUrl\":\"https:\/\/secure.gravatar.com\/avatar\/ecfacda1a9f429615d099f92930a0a6f?s=96&d=mm&r=g\",\"caption\":\"COAL\"},\"url\":\"https:\/\/projetcoal.org\/en\/author\/coal\/\"}]}<\/script>\n<!-- \/ Yoast SEO plugin. -->","yoast_head_json":{"title":"FARM CAMP ! Summer lab Imagine2020 - COAL","robots":{"index":"index","follow":"follow","max-snippet":"max-snippet:-1","max-image-preview":"max-image-preview:large","max-video-preview":"max-video-preview:-1"},"canonical":"https:\/\/projetcoal.org\/en\/sharing\/european-cooperation\/farm-camp-summer-lab-imagine2020\/","og_locale":"en_US","og_type":"article","og_title":"FARM CAMP ! Summer lab Imagine2020 - COAL","og_url":"https:\/\/projetcoal.org\/en\/sharing\/european-cooperation\/farm-camp-summer-lab-imagine2020\/","og_site_name":"COAL","article_publisher":"https:\/\/www.facebook.com\/coalparis\/","article_published_time":"2017-07-03T08:21:53+00:00","article_modified_time":"2022-12-02T17:30:44+00:00","og_image":[{"width":500,"height":334,"url":"https:\/\/projetcoal.org\/wp-content\/uploads\/2017\/07\/P1140534.jpg","type":"image\/jpeg"}],"author":"COAL","twitter_card":"summary_large_image","twitter_misc":{"Written by":"COAL","Est. reading time":"3 minutes"},"schema":{"@context":"https:\/\/schema.org","@graph":[{"@type":"Article","@id":"https:\/\/projetcoal.org\/en\/sharing\/european-cooperation\/farm-camp-summer-lab-imagine2020\/#article","isPartOf":{"@id":"https:\/\/projetcoal.org\/en\/sharing\/european-cooperation\/farm-camp-summer-lab-imagine2020\/"},"author":{"name":"COAL","@id":"https:\/\/projetcoal.org\/en\/#\/schema\/person\/61725f97f01129ca126c9ac3775f30f4"},"headline":"FARM CAMP ! Summer lab Imagine2020","datePublished":"2017-07-03T08:21:53+00:00","dateModified":"2022-12-02T17:30:44+00:00","mainEntityOfPage":{"@id":"https:\/\/projetcoal.org\/en\/sharing\/european-cooperation\/farm-camp-summer-lab-imagine2020\/"},"wordCount":550,"publisher":{"@id":"https:\/\/projetcoal.org\/en\/#organization"},"image":{"@id":"https:\/\/projetcoal.org\/en\/sharing\/european-cooperation\/farm-camp-summer-lab-imagine2020\/#primaryimage"},"thumbnailUrl":"https:\/\/projetcoal.org\/wp-content\/uploads\/2017\/07\/P1140534.jpg","articleSection":["EUROPEAN COOPERATION","SHARING"],"inLanguage":"en-US"},{"@type":"WebPage","@id":"https:\/\/projetcoal.org\/en\/sharing\/european-cooperation\/farm-camp-summer-lab-imagine2020\/","url":"https:\/\/projetcoal.org\/en\/sharing\/european-cooperation\/farm-camp-summer-lab-imagine2020\/","name":"FARM CAMP ! Summer lab Imagine2020 - COAL","isPartOf":{"@id":"https:\/\/projetcoal.org\/en\/#website"},"primaryImageOfPage":{"@id":"https:\/\/projetcoal.org\/en\/sharing\/european-cooperation\/farm-camp-summer-lab-imagine2020\/#primaryimage"},"image":{"@id":"https:\/\/projetcoal.org\/en\/sharing\/european-cooperation\/farm-camp-summer-lab-imagine2020\/#primaryimage"},"thumbnailUrl":"https:\/\/projetcoal.org\/wp-content\/uploads\/2017\/07\/P1140534.jpg","datePublished":"2017-07-03T08:21:53+00:00","dateModified":"2022-12-02T17:30:44+00:00","breadcrumb":{"@id":"https:\/\/projetcoal.org\/en\/sharing\/european-cooperation\/farm-camp-summer-lab-imagine2020\/#breadcrumb"},"inLanguage":"en-US","potentialAction":[{"@type":"ReadAction","target":["https:\/\/projetcoal.org\/en\/sharing\/european-cooperation\/farm-camp-summer-lab-imagine2020\/"]}]},{"@type":"ImageObject","inLanguage":"en-US","@id":"https:\/\/projetcoal.org\/en\/sharing\/european-cooperation\/farm-camp-summer-lab-imagine2020\/#primaryimage","url":"https:\/\/projetcoal.org\/wp-content\/uploads\/2017\/07\/P1140534.jpg","contentUrl":"https:\/\/projetcoal.org\/wp-content\/uploads\/2017\/07\/P1140534.jpg","width":500,"height":334},{"@type":"BreadcrumbList","@id":"https:\/\/projetcoal.org\/en\/sharing\/european-cooperation\/farm-camp-summer-lab-imagine2020\/#breadcrumb","itemListElement":[{"@type":"ListItem","position":1,"name":"SHARING","item":"https:\/\/projetcoal.org\/en\/actions\/sharing\/"},{"@type":"ListItem","position":2,"name":"EUROPEAN COOPERATION","item":"https:\/\/projetcoal.org\/en\/actions\/sharing\/european-cooperation\/"},{"@type":"ListItem","position":3,"name":"FARM CAMP ! Summer lab Imagine2020"}]},{"@type":"WebSite","@id":"https:\/\/projetcoal.org\/en\/#website","url":"https:\/\/projetcoal.org\/en\/","name":"COAL","description":"","publisher":{"@id":"https:\/\/projetcoal.org\/en\/#organization"},"alternateName":"Coalition pour une \u00e9cologie culturelle","potentialAction":[{"@type":"SearchAction","target":{"@type":"EntryPoint","urlTemplate":"https:\/\/projetcoal.org\/en\/?s={search_term_string}"},"query-input":{"@type":"PropertyValueSpecification","valueRequired":true,"valueName":"search_term_string"}}],"inLanguage":"en-US"},{"@type":"Organization","@id":"https:\/\/projetcoal.org\/en\/#organization","name":"COAL","alternateName":"Coalition pour une \u00e9cologie culturelle","url":"https:\/\/projetcoal.org\/en\/","logo":{"@type":"ImageObject","inLanguage":"en-US","@id":"https:\/\/projetcoal.org\/en\/#\/schema\/logo\/image\/","url":"https:\/\/projetcoal.org\/wp-content\/uploads\/2022\/11\/og.jpg","contentUrl":"https:\/\/projetcoal.org\/wp-content\/uploads\/2022\/11\/og.jpg","width":1200,"height":630,"caption":"COAL"},"image":{"@id":"https:\/\/projetcoal.org\/en\/#\/schema\/logo\/image\/"},"sameAs":["https:\/\/www.facebook.com\/coalparis\/","https:\/\/www.instagram.com\/coal_art.ecologie\/"]},{"@type":"Person","@id":"https:\/\/projetcoal.org\/en\/#\/schema\/person\/61725f97f01129ca126c9ac3775f30f4","name":"COAL","image":{"@type":"ImageObject","inLanguage":"en-US","@id":"https:\/\/projetcoal.org\/en\/#\/schema\/person\/image\/","url":"https:\/\/secure.gravatar.com\/avatar\/ecfacda1a9f429615d099f92930a0a6f?s=96&d=mm&r=g","contentUrl":"https:\/\/secure.gravatar.com\/avatar\/ecfacda1a9f429615d099f92930a0a6f?s=96&d=mm&r=g","caption":"COAL"},"url":"https:\/\/projetcoal.org\/en\/author\/coal\/"}]}},"_links":{"self":[{"href":"https:\/\/projetcoal.org\/en\/wp-json\/wp\/v2\/posts\/33378","targetHints":{"allow":["GET"]}}],"collection":[{"href":"https:\/\/projetcoal.org\/en\/wp-json\/wp\/v2\/posts"}],"about":[{"href":"https:\/\/projetcoal.org\/en\/wp-json\/wp\/v2\/types\/post"}],"author":[{"embeddable":true,"href":"https:\/\/projetcoal.org\/en\/wp-json\/wp\/v2\/users\/1"}],"replies":[{"embeddable":true,"href":"https:\/\/projetcoal.org\/en\/wp-json\/wp\/v2\/comments?post=33378"}],"version-history":[{"count":0,"href":"https:\/\/projetcoal.org\/en\/wp-json\/wp\/v2\/posts\/33378\/revisions"}],"wp:featuredmedia":[{"embeddable":true,"href":"https:\/\/projetcoal.org\/en\/wp-json\/wp\/v2\/media\/27224"}],"wp:attachment":[{"href":"https:\/\/projetcoal.org\/en\/wp-json\/wp\/v2\/media?parent=33378"}],"wp:term":[{"taxonomy":"category","embeddable":true,"href":"https:\/\/projetcoal.org\/en\/wp-json\/wp\/v2\/categories?post=33378"},{"taxonomy":"post_tag","embeddable":true,"href":"https:\/\/projetcoal.org\/en\/wp-json\/wp\/v2\/tags?post=33378"}],"curies":[{"name":"wp","href":"https:\/\/api.w.org\/{rel}","templated":true}]}}