{"id":35074,"date":"2023-09-30T14:58:51","date_gmt":"2023-09-30T13:58:51","guid":{"rendered":"https:\/\/projetcoal.org\/uncategorized\/towards-an-international-river\/"},"modified":"2023-11-09T15:22:12","modified_gmt":"2023-11-09T14:22:12","slug":"towards-an-international-river","status":"publish","type":"post","link":"https:\/\/projetcoal.org\/en\/artistic-direction\/towards-an-international-river\/","title":{"rendered":"Towards an international river&#8230;"},"content":{"rendered":"","protected":false},"excerpt":{"rendered":"","protected":false},"author":1,"featured_media":35069,"comment_status":"closed","ping_status":"closed","sticky":false,"template":"","format":"standard","meta":{"_acf_changed":false,"footnotes":""},"categories":[178,222],"tags":[],"class_list":["post-35074","post","type-post","status-publish","format-standard","has-post-thumbnail","hentry","category-cultural-action","category-artistic-direction"],"acf":[],"yoast_head":"<!-- This site is optimized with the Yoast SEO plugin v26.2 - https:\/\/yoast.com\/wordpress\/plugins\/seo\/ -->\n<title>Towards an international river... - COAL<\/title>\n<meta name=\"description\" content=\"We are delighted to be a partner in the project &quot;Vers une internationale des rivi\u00e8res et autres \u00e9l\u00e9ments de la nature...&quot; launched by the Institut d&#039;\u00e9tudes avanc\u00e9es de Nantes and Lieu Unique, based on a proposal by Camille de Toledo, for the next three years, 2023-2026\" \/>\n<meta name=\"robots\" content=\"index, follow, max-snippet:-1, max-image-preview:large, max-video-preview:-1\" \/>\n<link rel=\"canonical\" href=\"https:\/\/projetcoal.org\/en\/artistic-direction\/towards-an-international-river\/\" \/>\n<meta property=\"og:locale\" content=\"en_US\" \/>\n<meta property=\"og:type\" content=\"article\" \/>\n<meta property=\"og:title\" content=\"Towards an international river... - COAL\" \/>\n<meta property=\"og:description\" content=\"We are delighted to be a partner in the project &quot;Vers une internationale des rivi\u00e8res et autres \u00e9l\u00e9ments de la nature...&quot; launched by the Institut d&#039;\u00e9tudes avanc\u00e9es de Nantes and Lieu Unique, based on a proposal by Camille de Toledo, for the next three years, 2023-2026\" \/>\n<meta property=\"og:url\" content=\"https:\/\/projetcoal.org\/en\/artistic-direction\/towards-an-international-river\/\" \/>\n<meta property=\"og:site_name\" content=\"COAL\" \/>\n<meta property=\"article:publisher\" content=\"https:\/\/www.facebook.com\/coalparis\/\" \/>\n<meta property=\"article:published_time\" content=\"2023-09-30T13:58:51+00:00\" \/>\n<meta property=\"article:modified_time\" content=\"2023-11-09T14:22:12+00:00\" \/>\n<meta property=\"og:image\" content=\"https:\/\/projetcoal.org\/wp-content\/uploads\/2023\/11\/photo-post-internationale-rivieres.png\" \/>\n\t<meta property=\"og:image:width\" content=\"1992\" \/>\n\t<meta property=\"og:image:height\" content=\"1414\" \/>\n\t<meta property=\"og:image:type\" content=\"image\/png\" \/>\n<meta name=\"author\" content=\"COAL\" \/>\n<meta name=\"twitter:card\" content=\"summary_large_image\" \/>\n<meta name=\"twitter:label1\" content=\"Written by\" \/>\n\t<meta name=\"twitter:data1\" content=\"COAL\" \/>\n<script type=\"application\/ld+json\" class=\"yoast-schema-graph\">{\"@context\":\"https:\/\/schema.org\",\"@graph\":[{\"@type\":\"Article\",\"@id\":\"https:\/\/projetcoal.org\/en\/artistic-direction\/towards-an-international-river\/#article\",\"isPartOf\":{\"@id\":\"https:\/\/projetcoal.org\/en\/artistic-direction\/towards-an-international-river\/\"},\"author\":{\"name\":\"COAL\",\"@id\":\"https:\/\/projetcoal.org\/en\/#\/schema\/person\/61725f97f01129ca126c9ac3775f30f4\"},\"headline\":\"Towards an international river&#8230;\",\"datePublished\":\"2023-09-30T13:58:51+00:00\",\"dateModified\":\"2023-11-09T14:22:12+00:00\",\"mainEntityOfPage\":{\"@id\":\"https:\/\/projetcoal.org\/en\/artistic-direction\/towards-an-international-river\/\"},\"wordCount\":4,\"publisher\":{\"@id\":\"https:\/\/projetcoal.org\/en\/#organization\"},\"image\":{\"@id\":\"https:\/\/projetcoal.org\/en\/artistic-direction\/towards-an-international-river\/#primaryimage\"},\"thumbnailUrl\":\"https:\/\/projetcoal.org\/wp-content\/uploads\/2023\/11\/photo-post-internationale-rivieres.png\",\"articleSection\":[\"CULTURAL ACTION\",\"Artistic direction\"],\"inLanguage\":\"en-US\"},{\"@type\":\"WebPage\",\"@id\":\"https:\/\/projetcoal.org\/en\/artistic-direction\/towards-an-international-river\/\",\"url\":\"https:\/\/projetcoal.org\/en\/artistic-direction\/towards-an-international-river\/\",\"name\":\"Towards an international river... - COAL\",\"isPartOf\":{\"@id\":\"https:\/\/projetcoal.org\/en\/#website\"},\"primaryImageOfPage\":{\"@id\":\"https:\/\/projetcoal.org\/en\/artistic-direction\/towards-an-international-river\/#primaryimage\"},\"image\":{\"@id\":\"https:\/\/projetcoal.org\/en\/artistic-direction\/towards-an-international-river\/#primaryimage\"},\"thumbnailUrl\":\"https:\/\/projetcoal.org\/wp-content\/uploads\/2023\/11\/photo-post-internationale-rivieres.png\",\"datePublished\":\"2023-09-30T13:58:51+00:00\",\"dateModified\":\"2023-11-09T14:22:12+00:00\",\"description\":\"We are delighted to be a partner in the project \\\"Vers une internationale des rivi\u00e8res et autres \u00e9l\u00e9ments de la nature...\\\" launched by the Institut d'\u00e9tudes avanc\u00e9es de Nantes and Lieu Unique, based on a proposal by Camille de Toledo, for the next three years, 2023-2026\",\"breadcrumb\":{\"@id\":\"https:\/\/projetcoal.org\/en\/artistic-direction\/towards-an-international-river\/#breadcrumb\"},\"inLanguage\":\"en-US\",\"potentialAction\":[{\"@type\":\"ReadAction\",\"target\":[\"https:\/\/projetcoal.org\/en\/artistic-direction\/towards-an-international-river\/\"]}]},{\"@type\":\"ImageObject\",\"inLanguage\":\"en-US\",\"@id\":\"https:\/\/projetcoal.org\/en\/artistic-direction\/towards-an-international-river\/#primaryimage\",\"url\":\"https:\/\/projetcoal.org\/wp-content\/uploads\/2023\/11\/photo-post-internationale-rivieres.png\",\"contentUrl\":\"https:\/\/projetcoal.org\/wp-content\/uploads\/2023\/11\/photo-post-internationale-rivieres.png\",\"width\":1992,\"height\":1414,\"caption\":\"Cr\u00e9dits image : Bruno Marmiroli\"},{\"@type\":\"BreadcrumbList\",\"@id\":\"https:\/\/projetcoal.org\/en\/artistic-direction\/towards-an-international-river\/#breadcrumb\",\"itemListElement\":[{\"@type\":\"ListItem\",\"position\":1,\"name\":\"Artistic direction\",\"item\":\"https:\/\/projetcoal.org\/en\/actions\/artistic-direction\/\"},{\"@type\":\"ListItem\",\"position\":2,\"name\":\"Towards an international river...\"}]},{\"@type\":\"WebSite\",\"@id\":\"https:\/\/projetcoal.org\/en\/#website\",\"url\":\"https:\/\/projetcoal.org\/en\/\",\"name\":\"COAL\",\"description\":\"\",\"publisher\":{\"@id\":\"https:\/\/projetcoal.org\/en\/#organization\"},\"alternateName\":\"Coalition pour une \u00e9cologie culturelle\",\"potentialAction\":[{\"@type\":\"SearchAction\",\"target\":{\"@type\":\"EntryPoint\",\"urlTemplate\":\"https:\/\/projetcoal.org\/en\/?s={search_term_string}\"},\"query-input\":{\"@type\":\"PropertyValueSpecification\",\"valueRequired\":true,\"valueName\":\"search_term_string\"}}],\"inLanguage\":\"en-US\"},{\"@type\":\"Organization\",\"@id\":\"https:\/\/projetcoal.org\/en\/#organization\",\"name\":\"COAL\",\"alternateName\":\"Coalition pour une \u00e9cologie culturelle\",\"url\":\"https:\/\/projetcoal.org\/en\/\",\"logo\":{\"@type\":\"ImageObject\",\"inLanguage\":\"en-US\",\"@id\":\"https:\/\/projetcoal.org\/en\/#\/schema\/logo\/image\/\",\"url\":\"https:\/\/projetcoal.org\/wp-content\/uploads\/2022\/11\/og.jpg\",\"contentUrl\":\"https:\/\/projetcoal.org\/wp-content\/uploads\/2022\/11\/og.jpg\",\"width\":1200,\"height\":630,\"caption\":\"COAL\"},\"image\":{\"@id\":\"https:\/\/projetcoal.org\/en\/#\/schema\/logo\/image\/\"},\"sameAs\":[\"https:\/\/www.facebook.com\/coalparis\/\",\"https:\/\/www.instagram.com\/coal_art.ecologie\/\"]},{\"@type\":\"Person\",\"@id\":\"https:\/\/projetcoal.org\/en\/#\/schema\/person\/61725f97f01129ca126c9ac3775f30f4\",\"name\":\"COAL\",\"image\":{\"@type\":\"ImageObject\",\"inLanguage\":\"en-US\",\"@id\":\"https:\/\/projetcoal.org\/en\/#\/schema\/person\/image\/\",\"url\":\"https:\/\/secure.gravatar.com\/avatar\/ecfacda1a9f429615d099f92930a0a6f?s=96&d=mm&r=g\",\"contentUrl\":\"https:\/\/secure.gravatar.com\/avatar\/ecfacda1a9f429615d099f92930a0a6f?s=96&d=mm&r=g\",\"caption\":\"COAL\"},\"url\":\"https:\/\/projetcoal.org\/en\/author\/coal\/\"}]}<\/script>\n<!-- \/ Yoast SEO plugin. -->","yoast_head_json":{"title":"Towards an international river... - COAL","description":"We are delighted to be a partner in the project \"Vers une internationale des rivi\u00e8res et autres \u00e9l\u00e9ments de la nature...\" launched by the Institut d'\u00e9tudes avanc\u00e9es de Nantes and Lieu Unique, based on a proposal by Camille de Toledo, for the next three years, 2023-2026","robots":{"index":"index","follow":"follow","max-snippet":"max-snippet:-1","max-image-preview":"max-image-preview:large","max-video-preview":"max-video-preview:-1"},"canonical":"https:\/\/projetcoal.org\/en\/artistic-direction\/towards-an-international-river\/","og_locale":"en_US","og_type":"article","og_title":"Towards an international river... - COAL","og_description":"We are delighted to be a partner in the project \"Vers une internationale des rivi\u00e8res et autres \u00e9l\u00e9ments de la nature...\" launched by the Institut d'\u00e9tudes avanc\u00e9es de Nantes and Lieu Unique, based on a proposal by Camille de Toledo, for the next three years, 2023-2026","og_url":"https:\/\/projetcoal.org\/en\/artistic-direction\/towards-an-international-river\/","og_site_name":"COAL","article_publisher":"https:\/\/www.facebook.com\/coalparis\/","article_published_time":"2023-09-30T13:58:51+00:00","article_modified_time":"2023-11-09T14:22:12+00:00","og_image":[{"url":"https:\/\/projetcoal.org\/wp-content\/uploads\/2023\/11\/photo-post-internationale-rivieres.png","width":1992,"height":1414,"type":"image\/png"}],"author":"COAL","twitter_card":"summary_large_image","twitter_misc":{"Written by":"COAL"},"schema":{"@context":"https:\/\/schema.org","@graph":[{"@type":"Article","@id":"https:\/\/projetcoal.org\/en\/artistic-direction\/towards-an-international-river\/#article","isPartOf":{"@id":"https:\/\/projetcoal.org\/en\/artistic-direction\/towards-an-international-river\/"},"author":{"name":"COAL","@id":"https:\/\/projetcoal.org\/en\/#\/schema\/person\/61725f97f01129ca126c9ac3775f30f4"},"headline":"Towards an international river&#8230;","datePublished":"2023-09-30T13:58:51+00:00","dateModified":"2023-11-09T14:22:12+00:00","mainEntityOfPage":{"@id":"https:\/\/projetcoal.org\/en\/artistic-direction\/towards-an-international-river\/"},"wordCount":4,"publisher":{"@id":"https:\/\/projetcoal.org\/en\/#organization"},"image":{"@id":"https:\/\/projetcoal.org\/en\/artistic-direction\/towards-an-international-river\/#primaryimage"},"thumbnailUrl":"https:\/\/projetcoal.org\/wp-content\/uploads\/2023\/11\/photo-post-internationale-rivieres.png","articleSection":["CULTURAL ACTION","Artistic direction"],"inLanguage":"en-US"},{"@type":"WebPage","@id":"https:\/\/projetcoal.org\/en\/artistic-direction\/towards-an-international-river\/","url":"https:\/\/projetcoal.org\/en\/artistic-direction\/towards-an-international-river\/","name":"Towards an international river... - COAL","isPartOf":{"@id":"https:\/\/projetcoal.org\/en\/#website"},"primaryImageOfPage":{"@id":"https:\/\/projetcoal.org\/en\/artistic-direction\/towards-an-international-river\/#primaryimage"},"image":{"@id":"https:\/\/projetcoal.org\/en\/artistic-direction\/towards-an-international-river\/#primaryimage"},"thumbnailUrl":"https:\/\/projetcoal.org\/wp-content\/uploads\/2023\/11\/photo-post-internationale-rivieres.png","datePublished":"2023-09-30T13:58:51+00:00","dateModified":"2023-11-09T14:22:12+00:00","description":"We are delighted to be a partner in the project \"Vers une internationale des rivi\u00e8res et autres \u00e9l\u00e9ments de la nature...\" launched by the Institut d'\u00e9tudes avanc\u00e9es de Nantes and Lieu Unique, based on a proposal by Camille de Toledo, for the next three years, 2023-2026","breadcrumb":{"@id":"https:\/\/projetcoal.org\/en\/artistic-direction\/towards-an-international-river\/#breadcrumb"},"inLanguage":"en-US","potentialAction":[{"@type":"ReadAction","target":["https:\/\/projetcoal.org\/en\/artistic-direction\/towards-an-international-river\/"]}]},{"@type":"ImageObject","inLanguage":"en-US","@id":"https:\/\/projetcoal.org\/en\/artistic-direction\/towards-an-international-river\/#primaryimage","url":"https:\/\/projetcoal.org\/wp-content\/uploads\/2023\/11\/photo-post-internationale-rivieres.png","contentUrl":"https:\/\/projetcoal.org\/wp-content\/uploads\/2023\/11\/photo-post-internationale-rivieres.png","width":1992,"height":1414,"caption":"Cr\u00e9dits image : Bruno Marmiroli"},{"@type":"BreadcrumbList","@id":"https:\/\/projetcoal.org\/en\/artistic-direction\/towards-an-international-river\/#breadcrumb","itemListElement":[{"@type":"ListItem","position":1,"name":"Artistic direction","item":"https:\/\/projetcoal.org\/en\/actions\/artistic-direction\/"},{"@type":"ListItem","position":2,"name":"Towards an international river..."}]},{"@type":"WebSite","@id":"https:\/\/projetcoal.org\/en\/#website","url":"https:\/\/projetcoal.org\/en\/","name":"COAL","description":"","publisher":{"@id":"https:\/\/projetcoal.org\/en\/#organization"},"alternateName":"Coalition pour une \u00e9cologie culturelle","potentialAction":[{"@type":"SearchAction","target":{"@type":"EntryPoint","urlTemplate":"https:\/\/projetcoal.org\/en\/?s={search_term_string}"},"query-input":{"@type":"PropertyValueSpecification","valueRequired":true,"valueName":"search_term_string"}}],"inLanguage":"en-US"},{"@type":"Organization","@id":"https:\/\/projetcoal.org\/en\/#organization","name":"COAL","alternateName":"Coalition pour une \u00e9cologie culturelle","url":"https:\/\/projetcoal.org\/en\/","logo":{"@type":"ImageObject","inLanguage":"en-US","@id":"https:\/\/projetcoal.org\/en\/#\/schema\/logo\/image\/","url":"https:\/\/projetcoal.org\/wp-content\/uploads\/2022\/11\/og.jpg","contentUrl":"https:\/\/projetcoal.org\/wp-content\/uploads\/2022\/11\/og.jpg","width":1200,"height":630,"caption":"COAL"},"image":{"@id":"https:\/\/projetcoal.org\/en\/#\/schema\/logo\/image\/"},"sameAs":["https:\/\/www.facebook.com\/coalparis\/","https:\/\/www.instagram.com\/coal_art.ecologie\/"]},{"@type":"Person","@id":"https:\/\/projetcoal.org\/en\/#\/schema\/person\/61725f97f01129ca126c9ac3775f30f4","name":"COAL","image":{"@type":"ImageObject","inLanguage":"en-US","@id":"https:\/\/projetcoal.org\/en\/#\/schema\/person\/image\/","url":"https:\/\/secure.gravatar.com\/avatar\/ecfacda1a9f429615d099f92930a0a6f?s=96&d=mm&r=g","contentUrl":"https:\/\/secure.gravatar.com\/avatar\/ecfacda1a9f429615d099f92930a0a6f?s=96&d=mm&r=g","caption":"COAL"},"url":"https:\/\/projetcoal.org\/en\/author\/coal\/"}]}},"_links":{"self":[{"href":"https:\/\/projetcoal.org\/en\/wp-json\/wp\/v2\/posts\/35074","targetHints":{"allow":["GET"]}}],"collection":[{"href":"https:\/\/projetcoal.org\/en\/wp-json\/wp\/v2\/posts"}],"about":[{"href":"https:\/\/projetcoal.org\/en\/wp-json\/wp\/v2\/types\/post"}],"author":[{"embeddable":true,"href":"https:\/\/projetcoal.org\/en\/wp-json\/wp\/v2\/users\/1"}],"replies":[{"embeddable":true,"href":"https:\/\/projetcoal.org\/en\/wp-json\/wp\/v2\/comments?post=35074"}],"version-history":[{"count":0,"href":"https:\/\/projetcoal.org\/en\/wp-json\/wp\/v2\/posts\/35074\/revisions"}],"wp:featuredmedia":[{"embeddable":true,"href":"https:\/\/projetcoal.org\/en\/wp-json\/wp\/v2\/media\/35069"}],"wp:attachment":[{"href":"https:\/\/projetcoal.org\/en\/wp-json\/wp\/v2\/media?parent=35074"}],"wp:term":[{"taxonomy":"category","embeddable":true,"href":"https:\/\/projetcoal.org\/en\/wp-json\/wp\/v2\/categories?post=35074"},{"taxonomy":"post_tag","embeddable":true,"href":"https:\/\/projetcoal.org\/en\/wp-json\/wp\/v2\/tags?post=35074"}],"curies":[{"name":"wp","href":"https:\/\/api.w.org\/{rel}","templated":true}]}}