{"id":36237,"date":"2024-10-31T12:30:47","date_gmt":"2024-10-31T11:30:47","guid":{"rendered":"https:\/\/projetcoal.org\/uncategorized\/vers-une-internationale-des-rivieres-temps-fort-ii-exemplaire\/"},"modified":"2024-11-08T09:07:14","modified_gmt":"2024-11-08T08:07:14","slug":"vers-une-internationale-des-rivieres-temps-fort-ii-exemplaire","status":"publish","type":"post","link":"https:\/\/projetcoal.org\/en\/artistic-direction\/vers-une-internationale-des-rivieres-temps-fort-ii-exemplaire\/","title":{"rendered":"TOWARDS AN INTERNATIONAL RIVERS&#8230; &#8211; TEMPS FORT II"},"content":{"rendered":"","protected":false},"excerpt":{"rendered":"","protected":false},"author":1,"featured_media":36241,"comment_status":"closed","ping_status":"closed","sticky":false,"template":"","format":"standard","meta":{"_acf_changed":false,"footnotes":""},"categories":[178,222],"tags":[],"class_list":["post-36237","post","type-post","status-publish","format-standard","has-post-thumbnail","hentry","category-cultural-action","category-artistic-direction"],"acf":[],"yoast_head":"<!-- This site is optimized with the Yoast SEO plugin v26.2 - https:\/\/yoast.com\/wordpress\/plugins\/seo\/ -->\n<title>TOWARDS AN INTERNATIONAL RIVERS... - TEMPS FORT II - COAL<\/title>\n<meta name=\"description\" content=\"As a partner in the project, we are delighted to share with you the next highlight of &quot;Vers une internationale des rivi\u00e8res et autres \u00e9l\u00e9ments de la nature...&quot; by the Institut d&#039;\u00e9tudes avanc\u00e9es de Nantes and Lieu Unique, taking place on November 16 at Le Lieu Unique or via streaming.\" \/>\n<meta name=\"robots\" content=\"index, follow, max-snippet:-1, max-image-preview:large, max-video-preview:-1\" \/>\n<link rel=\"canonical\" href=\"https:\/\/projetcoal.org\/en\/artistic-direction\/vers-une-internationale-des-rivieres-temps-fort-ii-exemplaire\/\" \/>\n<meta property=\"og:locale\" content=\"en_US\" \/>\n<meta property=\"og:type\" content=\"article\" \/>\n<meta property=\"og:title\" content=\"TOWARDS AN INTERNATIONAL RIVERS... - TEMPS FORT II - COAL\" \/>\n<meta property=\"og:description\" content=\"As a partner in the project, we are delighted to share with you the next highlight of &quot;Vers une internationale des rivi\u00e8res et autres \u00e9l\u00e9ments de la nature...&quot; by the Institut d&#039;\u00e9tudes avanc\u00e9es de Nantes and Lieu Unique, taking place on November 16 at Le Lieu Unique or via streaming.\" \/>\n<meta property=\"og:url\" content=\"https:\/\/projetcoal.org\/en\/artistic-direction\/vers-une-internationale-des-rivieres-temps-fort-ii-exemplaire\/\" \/>\n<meta property=\"og:site_name\" content=\"COAL\" \/>\n<meta property=\"article:publisher\" content=\"https:\/\/www.facebook.com\/coalparis\/\" \/>\n<meta property=\"article:published_time\" content=\"2024-10-31T11:30:47+00:00\" \/>\n<meta property=\"article:modified_time\" content=\"2024-11-08T08:07:14+00:00\" \/>\n<meta property=\"og:image\" content=\"https:\/\/projetcoal.org\/wp-content\/uploads\/2024\/10\/bassin.vert_.png.png\" \/>\n\t<meta property=\"og:image:width\" content=\"1380\" \/>\n\t<meta property=\"og:image:height\" content=\"920\" \/>\n\t<meta property=\"og:image:type\" content=\"image\/png\" \/>\n<meta name=\"author\" content=\"COAL\" \/>\n<meta name=\"twitter:card\" content=\"summary_large_image\" \/>\n<meta name=\"twitter:label1\" content=\"Written by\" \/>\n\t<meta name=\"twitter:data1\" content=\"COAL\" \/>\n<script type=\"application\/ld+json\" class=\"yoast-schema-graph\">{\"@context\":\"https:\/\/schema.org\",\"@graph\":[{\"@type\":\"Article\",\"@id\":\"https:\/\/projetcoal.org\/en\/artistic-direction\/vers-une-internationale-des-rivieres-temps-fort-ii-exemplaire\/#article\",\"isPartOf\":{\"@id\":\"https:\/\/projetcoal.org\/en\/artistic-direction\/vers-une-internationale-des-rivieres-temps-fort-ii-exemplaire\/\"},\"author\":{\"name\":\"COAL\",\"@id\":\"https:\/\/projetcoal.org\/en\/#\/schema\/person\/61725f97f01129ca126c9ac3775f30f4\"},\"headline\":\"TOWARDS AN INTERNATIONAL RIVERS&#8230; &#8211; TEMPS FORT II\",\"datePublished\":\"2024-10-31T11:30:47+00:00\",\"dateModified\":\"2024-11-08T08:07:14+00:00\",\"mainEntityOfPage\":{\"@id\":\"https:\/\/projetcoal.org\/en\/artistic-direction\/vers-une-internationale-des-rivieres-temps-fort-ii-exemplaire\/\"},\"wordCount\":8,\"publisher\":{\"@id\":\"https:\/\/projetcoal.org\/en\/#organization\"},\"image\":{\"@id\":\"https:\/\/projetcoal.org\/en\/artistic-direction\/vers-une-internationale-des-rivieres-temps-fort-ii-exemplaire\/#primaryimage\"},\"thumbnailUrl\":\"https:\/\/projetcoal.org\/wp-content\/uploads\/2024\/10\/bassin.vert_.png.png\",\"articleSection\":[\"CULTURAL ACTION\",\"Artistic direction\"],\"inLanguage\":\"en-US\"},{\"@type\":\"WebPage\",\"@id\":\"https:\/\/projetcoal.org\/en\/artistic-direction\/vers-une-internationale-des-rivieres-temps-fort-ii-exemplaire\/\",\"url\":\"https:\/\/projetcoal.org\/en\/artistic-direction\/vers-une-internationale-des-rivieres-temps-fort-ii-exemplaire\/\",\"name\":\"TOWARDS AN INTERNATIONAL RIVERS... - TEMPS FORT II - COAL\",\"isPartOf\":{\"@id\":\"https:\/\/projetcoal.org\/en\/#website\"},\"primaryImageOfPage\":{\"@id\":\"https:\/\/projetcoal.org\/en\/artistic-direction\/vers-une-internationale-des-rivieres-temps-fort-ii-exemplaire\/#primaryimage\"},\"image\":{\"@id\":\"https:\/\/projetcoal.org\/en\/artistic-direction\/vers-une-internationale-des-rivieres-temps-fort-ii-exemplaire\/#primaryimage\"},\"thumbnailUrl\":\"https:\/\/projetcoal.org\/wp-content\/uploads\/2024\/10\/bassin.vert_.png.png\",\"datePublished\":\"2024-10-31T11:30:47+00:00\",\"dateModified\":\"2024-11-08T08:07:14+00:00\",\"description\":\"As a partner in the project, we are delighted to share with you the next highlight of \\\"Vers une internationale des rivi\u00e8res et autres \u00e9l\u00e9ments de la nature...\\\" by the Institut d'\u00e9tudes avanc\u00e9es de Nantes and Lieu Unique, taking place on November 16 at Le Lieu Unique or via streaming.\",\"breadcrumb\":{\"@id\":\"https:\/\/projetcoal.org\/en\/artistic-direction\/vers-une-internationale-des-rivieres-temps-fort-ii-exemplaire\/#breadcrumb\"},\"inLanguage\":\"en-US\",\"potentialAction\":[{\"@type\":\"ReadAction\",\"target\":[\"https:\/\/projetcoal.org\/en\/artistic-direction\/vers-une-internationale-des-rivieres-temps-fort-ii-exemplaire\/\"]}]},{\"@type\":\"ImageObject\",\"inLanguage\":\"en-US\",\"@id\":\"https:\/\/projetcoal.org\/en\/artistic-direction\/vers-une-internationale-des-rivieres-temps-fort-ii-exemplaire\/#primaryimage\",\"url\":\"https:\/\/projetcoal.org\/wp-content\/uploads\/2024\/10\/bassin.vert_.png.png\",\"contentUrl\":\"https:\/\/projetcoal.org\/wp-content\/uploads\/2024\/10\/bassin.vert_.png.png\",\"width\":1380,\"height\":920,\"caption\":\"\u00a9 Institut d\u2019\u00e9tudes avanc\u00e9e de Nantes\"},{\"@type\":\"BreadcrumbList\",\"@id\":\"https:\/\/projetcoal.org\/en\/artistic-direction\/vers-une-internationale-des-rivieres-temps-fort-ii-exemplaire\/#breadcrumb\",\"itemListElement\":[{\"@type\":\"ListItem\",\"position\":1,\"name\":\"Artistic direction\",\"item\":\"https:\/\/projetcoal.org\/en\/actions\/artistic-direction\/\"},{\"@type\":\"ListItem\",\"position\":2,\"name\":\"TOWARDS AN INTERNATIONAL RIVERS&#8230; &#8211; TEMPS FORT II\"}]},{\"@type\":\"WebSite\",\"@id\":\"https:\/\/projetcoal.org\/en\/#website\",\"url\":\"https:\/\/projetcoal.org\/en\/\",\"name\":\"COAL\",\"description\":\"\",\"publisher\":{\"@id\":\"https:\/\/projetcoal.org\/en\/#organization\"},\"alternateName\":\"Coalition pour une \u00e9cologie culturelle\",\"potentialAction\":[{\"@type\":\"SearchAction\",\"target\":{\"@type\":\"EntryPoint\",\"urlTemplate\":\"https:\/\/projetcoal.org\/en\/?s={search_term_string}\"},\"query-input\":{\"@type\":\"PropertyValueSpecification\",\"valueRequired\":true,\"valueName\":\"search_term_string\"}}],\"inLanguage\":\"en-US\"},{\"@type\":\"Organization\",\"@id\":\"https:\/\/projetcoal.org\/en\/#organization\",\"name\":\"COAL\",\"alternateName\":\"Coalition pour une \u00e9cologie culturelle\",\"url\":\"https:\/\/projetcoal.org\/en\/\",\"logo\":{\"@type\":\"ImageObject\",\"inLanguage\":\"en-US\",\"@id\":\"https:\/\/projetcoal.org\/en\/#\/schema\/logo\/image\/\",\"url\":\"https:\/\/projetcoal.org\/wp-content\/uploads\/2022\/11\/og.jpg\",\"contentUrl\":\"https:\/\/projetcoal.org\/wp-content\/uploads\/2022\/11\/og.jpg\",\"width\":1200,\"height\":630,\"caption\":\"COAL\"},\"image\":{\"@id\":\"https:\/\/projetcoal.org\/en\/#\/schema\/logo\/image\/\"},\"sameAs\":[\"https:\/\/www.facebook.com\/coalparis\/\",\"https:\/\/www.instagram.com\/coal_art.ecologie\/\"]},{\"@type\":\"Person\",\"@id\":\"https:\/\/projetcoal.org\/en\/#\/schema\/person\/61725f97f01129ca126c9ac3775f30f4\",\"name\":\"COAL\",\"image\":{\"@type\":\"ImageObject\",\"inLanguage\":\"en-US\",\"@id\":\"https:\/\/projetcoal.org\/en\/#\/schema\/person\/image\/\",\"url\":\"https:\/\/secure.gravatar.com\/avatar\/ecfacda1a9f429615d099f92930a0a6f?s=96&d=mm&r=g\",\"contentUrl\":\"https:\/\/secure.gravatar.com\/avatar\/ecfacda1a9f429615d099f92930a0a6f?s=96&d=mm&r=g\",\"caption\":\"COAL\"},\"url\":\"https:\/\/projetcoal.org\/en\/author\/coal\/\"}]}<\/script>\n<!-- \/ Yoast SEO plugin. -->","yoast_head_json":{"title":"TOWARDS AN INTERNATIONAL RIVERS... - TEMPS FORT II - COAL","description":"As a partner in the project, we are delighted to share with you the next highlight of \"Vers une internationale des rivi\u00e8res et autres \u00e9l\u00e9ments de la nature...\" by the Institut d'\u00e9tudes avanc\u00e9es de Nantes and Lieu Unique, taking place on November 16 at Le Lieu Unique or via streaming.","robots":{"index":"index","follow":"follow","max-snippet":"max-snippet:-1","max-image-preview":"max-image-preview:large","max-video-preview":"max-video-preview:-1"},"canonical":"https:\/\/projetcoal.org\/en\/artistic-direction\/vers-une-internationale-des-rivieres-temps-fort-ii-exemplaire\/","og_locale":"en_US","og_type":"article","og_title":"TOWARDS AN INTERNATIONAL RIVERS... - TEMPS FORT II - COAL","og_description":"As a partner in the project, we are delighted to share with you the next highlight of \"Vers une internationale des rivi\u00e8res et autres \u00e9l\u00e9ments de la nature...\" by the Institut d'\u00e9tudes avanc\u00e9es de Nantes and Lieu Unique, taking place on November 16 at Le Lieu Unique or via streaming.","og_url":"https:\/\/projetcoal.org\/en\/artistic-direction\/vers-une-internationale-des-rivieres-temps-fort-ii-exemplaire\/","og_site_name":"COAL","article_publisher":"https:\/\/www.facebook.com\/coalparis\/","article_published_time":"2024-10-31T11:30:47+00:00","article_modified_time":"2024-11-08T08:07:14+00:00","og_image":[{"width":1380,"height":920,"url":"https:\/\/projetcoal.org\/wp-content\/uploads\/2024\/10\/bassin.vert_.png.png","type":"image\/png"}],"author":"COAL","twitter_card":"summary_large_image","twitter_misc":{"Written by":"COAL"},"schema":{"@context":"https:\/\/schema.org","@graph":[{"@type":"Article","@id":"https:\/\/projetcoal.org\/en\/artistic-direction\/vers-une-internationale-des-rivieres-temps-fort-ii-exemplaire\/#article","isPartOf":{"@id":"https:\/\/projetcoal.org\/en\/artistic-direction\/vers-une-internationale-des-rivieres-temps-fort-ii-exemplaire\/"},"author":{"name":"COAL","@id":"https:\/\/projetcoal.org\/en\/#\/schema\/person\/61725f97f01129ca126c9ac3775f30f4"},"headline":"TOWARDS AN INTERNATIONAL RIVERS&#8230; &#8211; TEMPS FORT II","datePublished":"2024-10-31T11:30:47+00:00","dateModified":"2024-11-08T08:07:14+00:00","mainEntityOfPage":{"@id":"https:\/\/projetcoal.org\/en\/artistic-direction\/vers-une-internationale-des-rivieres-temps-fort-ii-exemplaire\/"},"wordCount":8,"publisher":{"@id":"https:\/\/projetcoal.org\/en\/#organization"},"image":{"@id":"https:\/\/projetcoal.org\/en\/artistic-direction\/vers-une-internationale-des-rivieres-temps-fort-ii-exemplaire\/#primaryimage"},"thumbnailUrl":"https:\/\/projetcoal.org\/wp-content\/uploads\/2024\/10\/bassin.vert_.png.png","articleSection":["CULTURAL ACTION","Artistic direction"],"inLanguage":"en-US"},{"@type":"WebPage","@id":"https:\/\/projetcoal.org\/en\/artistic-direction\/vers-une-internationale-des-rivieres-temps-fort-ii-exemplaire\/","url":"https:\/\/projetcoal.org\/en\/artistic-direction\/vers-une-internationale-des-rivieres-temps-fort-ii-exemplaire\/","name":"TOWARDS AN INTERNATIONAL RIVERS... - TEMPS FORT II - COAL","isPartOf":{"@id":"https:\/\/projetcoal.org\/en\/#website"},"primaryImageOfPage":{"@id":"https:\/\/projetcoal.org\/en\/artistic-direction\/vers-une-internationale-des-rivieres-temps-fort-ii-exemplaire\/#primaryimage"},"image":{"@id":"https:\/\/projetcoal.org\/en\/artistic-direction\/vers-une-internationale-des-rivieres-temps-fort-ii-exemplaire\/#primaryimage"},"thumbnailUrl":"https:\/\/projetcoal.org\/wp-content\/uploads\/2024\/10\/bassin.vert_.png.png","datePublished":"2024-10-31T11:30:47+00:00","dateModified":"2024-11-08T08:07:14+00:00","description":"As a partner in the project, we are delighted to share with you the next highlight of \"Vers une internationale des rivi\u00e8res et autres \u00e9l\u00e9ments de la nature...\" by the Institut d'\u00e9tudes avanc\u00e9es de Nantes and Lieu Unique, taking place on November 16 at Le Lieu Unique or via streaming.","breadcrumb":{"@id":"https:\/\/projetcoal.org\/en\/artistic-direction\/vers-une-internationale-des-rivieres-temps-fort-ii-exemplaire\/#breadcrumb"},"inLanguage":"en-US","potentialAction":[{"@type":"ReadAction","target":["https:\/\/projetcoal.org\/en\/artistic-direction\/vers-une-internationale-des-rivieres-temps-fort-ii-exemplaire\/"]}]},{"@type":"ImageObject","inLanguage":"en-US","@id":"https:\/\/projetcoal.org\/en\/artistic-direction\/vers-une-internationale-des-rivieres-temps-fort-ii-exemplaire\/#primaryimage","url":"https:\/\/projetcoal.org\/wp-content\/uploads\/2024\/10\/bassin.vert_.png.png","contentUrl":"https:\/\/projetcoal.org\/wp-content\/uploads\/2024\/10\/bassin.vert_.png.png","width":1380,"height":920,"caption":"\u00a9 Institut d\u2019\u00e9tudes avanc\u00e9e de Nantes"},{"@type":"BreadcrumbList","@id":"https:\/\/projetcoal.org\/en\/artistic-direction\/vers-une-internationale-des-rivieres-temps-fort-ii-exemplaire\/#breadcrumb","itemListElement":[{"@type":"ListItem","position":1,"name":"Artistic direction","item":"https:\/\/projetcoal.org\/en\/actions\/artistic-direction\/"},{"@type":"ListItem","position":2,"name":"TOWARDS AN INTERNATIONAL RIVERS&#8230; &#8211; TEMPS FORT II"}]},{"@type":"WebSite","@id":"https:\/\/projetcoal.org\/en\/#website","url":"https:\/\/projetcoal.org\/en\/","name":"COAL","description":"","publisher":{"@id":"https:\/\/projetcoal.org\/en\/#organization"},"alternateName":"Coalition pour une \u00e9cologie culturelle","potentialAction":[{"@type":"SearchAction","target":{"@type":"EntryPoint","urlTemplate":"https:\/\/projetcoal.org\/en\/?s={search_term_string}"},"query-input":{"@type":"PropertyValueSpecification","valueRequired":true,"valueName":"search_term_string"}}],"inLanguage":"en-US"},{"@type":"Organization","@id":"https:\/\/projetcoal.org\/en\/#organization","name":"COAL","alternateName":"Coalition pour une \u00e9cologie culturelle","url":"https:\/\/projetcoal.org\/en\/","logo":{"@type":"ImageObject","inLanguage":"en-US","@id":"https:\/\/projetcoal.org\/en\/#\/schema\/logo\/image\/","url":"https:\/\/projetcoal.org\/wp-content\/uploads\/2022\/11\/og.jpg","contentUrl":"https:\/\/projetcoal.org\/wp-content\/uploads\/2022\/11\/og.jpg","width":1200,"height":630,"caption":"COAL"},"image":{"@id":"https:\/\/projetcoal.org\/en\/#\/schema\/logo\/image\/"},"sameAs":["https:\/\/www.facebook.com\/coalparis\/","https:\/\/www.instagram.com\/coal_art.ecologie\/"]},{"@type":"Person","@id":"https:\/\/projetcoal.org\/en\/#\/schema\/person\/61725f97f01129ca126c9ac3775f30f4","name":"COAL","image":{"@type":"ImageObject","inLanguage":"en-US","@id":"https:\/\/projetcoal.org\/en\/#\/schema\/person\/image\/","url":"https:\/\/secure.gravatar.com\/avatar\/ecfacda1a9f429615d099f92930a0a6f?s=96&d=mm&r=g","contentUrl":"https:\/\/secure.gravatar.com\/avatar\/ecfacda1a9f429615d099f92930a0a6f?s=96&d=mm&r=g","caption":"COAL"},"url":"https:\/\/projetcoal.org\/en\/author\/coal\/"}]}},"_links":{"self":[{"href":"https:\/\/projetcoal.org\/en\/wp-json\/wp\/v2\/posts\/36237","targetHints":{"allow":["GET"]}}],"collection":[{"href":"https:\/\/projetcoal.org\/en\/wp-json\/wp\/v2\/posts"}],"about":[{"href":"https:\/\/projetcoal.org\/en\/wp-json\/wp\/v2\/types\/post"}],"author":[{"embeddable":true,"href":"https:\/\/projetcoal.org\/en\/wp-json\/wp\/v2\/users\/1"}],"replies":[{"embeddable":true,"href":"https:\/\/projetcoal.org\/en\/wp-json\/wp\/v2\/comments?post=36237"}],"version-history":[{"count":0,"href":"https:\/\/projetcoal.org\/en\/wp-json\/wp\/v2\/posts\/36237\/revisions"}],"wp:featuredmedia":[{"embeddable":true,"href":"https:\/\/projetcoal.org\/en\/wp-json\/wp\/v2\/media\/36241"}],"wp:attachment":[{"href":"https:\/\/projetcoal.org\/en\/wp-json\/wp\/v2\/media?parent=36237"}],"wp:term":[{"taxonomy":"category","embeddable":true,"href":"https:\/\/projetcoal.org\/en\/wp-json\/wp\/v2\/categories?post=36237"},{"taxonomy":"post_tag","embeddable":true,"href":"https:\/\/projetcoal.org\/en\/wp-json\/wp\/v2\/tags?post=36237"}],"curies":[{"name":"wp","href":"https:\/\/api.w.org\/{rel}","templated":true}]}}