{"id":38894,"date":"2026-09-04T11:14:26","date_gmt":"2026-09-04T10:14:26","guid":{"rendered":"https:\/\/projetcoal.org\/?p=38894"},"modified":"2026-09-04T15:10:19","modified_gmt":"2026-09-04T14:10:19","slug":"the-artists-nominated-for-the-coal-student-prize","status":"publish","type":"post","link":"https:\/\/projetcoal.org\/en\/prize\/the-artists-nominated-for-the-coal-student-prize\/","title":{"rendered":"THE ARTISTS NOMINATED FOR THE COAL STUDENT PRIZE"},"content":{"rendered":"","protected":false},"excerpt":{"rendered":"","protected":false},"author":4,"featured_media":38154,"comment_status":"closed","ping_status":"closed","sticky":false,"template":"","format":"standard","meta":{"_acf_changed":false,"footnotes":""},"categories":[285,182,239,240],"tags":[],"class_list":["post-38894","post","type-post","status-publish","format-standard","has-post-thumbnail","hentry","category-coal-prize-2026","category-prize","category-coal-prize","category-coal-student-prize"],"acf":[],"yoast_head":"<!-- This site is optimized with the Yoast SEO plugin v26.2 - https:\/\/yoast.com\/wordpress\/plugins\/seo\/ -->\n<title>THE ARTISTS NOMINATED FOR THE COAL STUDENT PRIZE - COAL<\/title>\n<meta name=\"description\" content=\"Three students from French art and cultural institutions have also been nominated for the seventh edition of the COAL Student Prize, in partnership with R\u00e9serves Naturelles de France.\" \/>\n<meta name=\"robots\" content=\"index, follow, max-snippet:-1, max-image-preview:large, max-video-preview:-1\" \/>\n<link rel=\"canonical\" href=\"https:\/\/projetcoal.org\/en\/prize\/the-artists-nominated-for-the-coal-student-prize\/\" \/>\n<meta property=\"og:locale\" content=\"en_US\" \/>\n<meta property=\"og:type\" content=\"article\" \/>\n<meta property=\"og:title\" content=\"THE ARTISTS NOMINATED FOR THE COAL STUDENT PRIZE - COAL\" \/>\n<meta property=\"og:description\" content=\"Three students from French art and cultural institutions have also been nominated for the seventh edition of the COAL Student Prize, in partnership with R\u00e9serves Naturelles de France.\" \/>\n<meta property=\"og:url\" content=\"https:\/\/projetcoal.org\/en\/prize\/the-artists-nominated-for-the-coal-student-prize\/\" \/>\n<meta property=\"og:site_name\" content=\"COAL\" \/>\n<meta property=\"article:publisher\" content=\"https:\/\/www.facebook.com\/coalparis\/\" \/>\n<meta property=\"article:published_time\" content=\"2026-09-04T10:14:26+00:00\" \/>\n<meta property=\"article:modified_time\" content=\"2026-09-04T14:10:19+00:00\" \/>\n<meta property=\"og:image\" content=\"https:\/\/projetcoal.org\/wp-content\/uploads\/2026\/02\/CAPUCINE-VEVER_UN-JOUR-EN-MA-PRESENCE_nividic_\u00a9ADAGP-VEVER-2026-1-scaled.jpg\" \/>\n\t<meta property=\"og:image:width\" content=\"2560\" \/>\n\t<meta property=\"og:image:height\" content=\"1707\" \/>\n\t<meta property=\"og:image:type\" content=\"image\/jpeg\" \/>\n<meta name=\"author\" content=\"Manon Jaouen\" \/>\n<meta name=\"twitter:card\" content=\"summary_large_image\" \/>\n<meta name=\"twitter:label1\" content=\"Written by\" \/>\n\t<meta name=\"twitter:data1\" content=\"Manon Jaouen\" \/>\n\t<meta name=\"twitter:label2\" content=\"Est. reading time\" \/>\n\t<meta name=\"twitter:data2\" content=\"6 minutes\" \/>\n<script type=\"application\/ld+json\" class=\"yoast-schema-graph\">{\"@context\":\"https:\/\/schema.org\",\"@graph\":[{\"@type\":\"Article\",\"@id\":\"https:\/\/projetcoal.org\/en\/prize\/the-artists-nominated-for-the-coal-student-prize\/#article\",\"isPartOf\":{\"@id\":\"https:\/\/projetcoal.org\/en\/prize\/the-artists-nominated-for-the-coal-student-prize\/\"},\"author\":{\"name\":\"Manon Jaouen\",\"@id\":\"https:\/\/projetcoal.org\/en\/#\/schema\/person\/c82d4adc59f1eeef1ecd185dcc47f150\"},\"headline\":\"THE ARTISTS NOMINATED FOR THE COAL STUDENT PRIZE\",\"datePublished\":\"2026-09-04T10:14:26+00:00\",\"dateModified\":\"2026-09-04T14:10:19+00:00\",\"mainEntityOfPage\":{\"@id\":\"https:\/\/projetcoal.org\/en\/prize\/the-artists-nominated-for-the-coal-student-prize\/\"},\"wordCount\":8,\"publisher\":{\"@id\":\"https:\/\/projetcoal.org\/en\/#organization\"},\"image\":{\"@id\":\"https:\/\/projetcoal.org\/en\/prize\/the-artists-nominated-for-the-coal-student-prize\/#primaryimage\"},\"thumbnailUrl\":\"https:\/\/projetcoal.org\/wp-content\/uploads\/2026\/02\/CAPUCINE-VEVER_UN-JOUR-EN-MA-PRESENCE_nividic_\u00a9ADAGP-VEVER-2026-1-scaled.jpg\",\"articleSection\":[\"COAL PRIZE 2026\",\"COAL PRIZE\",\"COAL Prize\",\"COAL Student Prize\"],\"inLanguage\":\"en-US\"},{\"@type\":\"WebPage\",\"@id\":\"https:\/\/projetcoal.org\/en\/prize\/the-artists-nominated-for-the-coal-student-prize\/\",\"url\":\"https:\/\/projetcoal.org\/en\/prize\/the-artists-nominated-for-the-coal-student-prize\/\",\"name\":\"THE ARTISTS NOMINATED FOR THE COAL STUDENT PRIZE - COAL\",\"isPartOf\":{\"@id\":\"https:\/\/projetcoal.org\/en\/#website\"},\"primaryImageOfPage\":{\"@id\":\"https:\/\/projetcoal.org\/en\/prize\/the-artists-nominated-for-the-coal-student-prize\/#primaryimage\"},\"image\":{\"@id\":\"https:\/\/projetcoal.org\/en\/prize\/the-artists-nominated-for-the-coal-student-prize\/#primaryimage\"},\"thumbnailUrl\":\"https:\/\/projetcoal.org\/wp-content\/uploads\/2026\/02\/CAPUCINE-VEVER_UN-JOUR-EN-MA-PRESENCE_nividic_\u00a9ADAGP-VEVER-2026-1-scaled.jpg\",\"datePublished\":\"2026-09-04T10:14:26+00:00\",\"dateModified\":\"2026-09-04T14:10:19+00:00\",\"description\":\"Three students from French art and cultural institutions have also been nominated for the seventh edition of the COAL Student Prize, in partnership with R\u00e9serves Naturelles de France.\",\"breadcrumb\":{\"@id\":\"https:\/\/projetcoal.org\/en\/prize\/the-artists-nominated-for-the-coal-student-prize\/#breadcrumb\"},\"inLanguage\":\"en-US\",\"potentialAction\":[{\"@type\":\"ReadAction\",\"target\":[\"https:\/\/projetcoal.org\/en\/prize\/the-artists-nominated-for-the-coal-student-prize\/\"]}]},{\"@type\":\"ImageObject\",\"inLanguage\":\"en-US\",\"@id\":\"https:\/\/projetcoal.org\/en\/prize\/the-artists-nominated-for-the-coal-student-prize\/#primaryimage\",\"url\":\"https:\/\/projetcoal.org\/wp-content\/uploads\/2026\/02\/CAPUCINE-VEVER_UN-JOUR-EN-MA-PRESENCE_nividic_\u00a9ADAGP-VEVER-2026-1-scaled.jpg\",\"contentUrl\":\"https:\/\/projetcoal.org\/wp-content\/uploads\/2026\/02\/CAPUCINE-VEVER_UN-JOUR-EN-MA-PRESENCE_nividic_\u00a9ADAGP-VEVER-2026-1-scaled.jpg\",\"width\":2560,\"height\":1707,\"caption\":\"Capucine Vever, Un jour, en ma pr\u00e9sence, un mage retira l\u2019horizon tout autour de moi (nividic), 2019 S\u00e9rie photographique r\u00e9alis\u00e9e dans le cadre de la r\u00e9sidence Finis Terrae sur l\u2019\u00eele d\u2019Ouessant \u00a9ADAGP-VEVER 2026.\"},{\"@type\":\"BreadcrumbList\",\"@id\":\"https:\/\/projetcoal.org\/en\/prize\/the-artists-nominated-for-the-coal-student-prize\/#breadcrumb\",\"itemListElement\":[{\"@type\":\"ListItem\",\"position\":1,\"name\":\"COAL PRIZE\",\"item\":\"https:\/\/projetcoal.org\/en\/actions\/prize\/\"},{\"@type\":\"ListItem\",\"position\":2,\"name\":\"THE ARTISTS NOMINATED FOR THE COAL STUDENT PRIZE\"}]},{\"@type\":\"WebSite\",\"@id\":\"https:\/\/projetcoal.org\/en\/#website\",\"url\":\"https:\/\/projetcoal.org\/en\/\",\"name\":\"COAL\",\"description\":\"\",\"publisher\":{\"@id\":\"https:\/\/projetcoal.org\/en\/#organization\"},\"alternateName\":\"Coalition pour une \u00e9cologie culturelle\",\"potentialAction\":[{\"@type\":\"SearchAction\",\"target\":{\"@type\":\"EntryPoint\",\"urlTemplate\":\"https:\/\/projetcoal.org\/en\/?s={search_term_string}\"},\"query-input\":{\"@type\":\"PropertyValueSpecification\",\"valueRequired\":true,\"valueName\":\"search_term_string\"}}],\"inLanguage\":\"en-US\"},{\"@type\":\"Organization\",\"@id\":\"https:\/\/projetcoal.org\/en\/#organization\",\"name\":\"COAL\",\"alternateName\":\"Coalition pour une \u00e9cologie culturelle\",\"url\":\"https:\/\/projetcoal.org\/en\/\",\"logo\":{\"@type\":\"ImageObject\",\"inLanguage\":\"en-US\",\"@id\":\"https:\/\/projetcoal.org\/en\/#\/schema\/logo\/image\/\",\"url\":\"https:\/\/projetcoal.org\/wp-content\/uploads\/2022\/11\/og.jpg\",\"contentUrl\":\"https:\/\/projetcoal.org\/wp-content\/uploads\/2022\/11\/og.jpg\",\"width\":1200,\"height\":630,\"caption\":\"COAL\"},\"image\":{\"@id\":\"https:\/\/projetcoal.org\/en\/#\/schema\/logo\/image\/\"},\"sameAs\":[\"https:\/\/www.facebook.com\/coalparis\/\",\"https:\/\/www.instagram.com\/coal_art.ecologie\/\"]},{\"@type\":\"Person\",\"@id\":\"https:\/\/projetcoal.org\/en\/#\/schema\/person\/c82d4adc59f1eeef1ecd185dcc47f150\",\"name\":\"Manon Jaouen\",\"image\":{\"@type\":\"ImageObject\",\"inLanguage\":\"en-US\",\"@id\":\"https:\/\/projetcoal.org\/en\/#\/schema\/person\/image\/\",\"url\":\"https:\/\/secure.gravatar.com\/avatar\/b0225c5f06182b0724bbb5e4dbb759b3?s=96&d=mm&r=g\",\"contentUrl\":\"https:\/\/secure.gravatar.com\/avatar\/b0225c5f06182b0724bbb5e4dbb759b3?s=96&d=mm&r=g\",\"caption\":\"Manon Jaouen\"},\"url\":\"https:\/\/projetcoal.org\/en\/author\/manonprojetcoal-fr\/\"}]}<\/script>\n<!-- \/ Yoast SEO plugin. -->","yoast_head_json":{"title":"THE ARTISTS NOMINATED FOR THE COAL STUDENT PRIZE - COAL","description":"Three students from French art and cultural institutions have also been nominated for the seventh edition of the COAL Student Prize, in partnership with R\u00e9serves Naturelles de France.","robots":{"index":"index","follow":"follow","max-snippet":"max-snippet:-1","max-image-preview":"max-image-preview:large","max-video-preview":"max-video-preview:-1"},"canonical":"https:\/\/projetcoal.org\/en\/prize\/the-artists-nominated-for-the-coal-student-prize\/","og_locale":"en_US","og_type":"article","og_title":"THE ARTISTS NOMINATED FOR THE COAL STUDENT PRIZE - COAL","og_description":"Three students from French art and cultural institutions have also been nominated for the seventh edition of the COAL Student Prize, in partnership with R\u00e9serves Naturelles de France.","og_url":"https:\/\/projetcoal.org\/en\/prize\/the-artists-nominated-for-the-coal-student-prize\/","og_site_name":"COAL","article_publisher":"https:\/\/www.facebook.com\/coalparis\/","article_published_time":"2026-09-04T10:14:26+00:00","article_modified_time":"2026-09-04T14:10:19+00:00","og_image":[{"width":2560,"height":1707,"url":"https:\/\/projetcoal.org\/wp-content\/uploads\/2026\/02\/CAPUCINE-VEVER_UN-JOUR-EN-MA-PRESENCE_nividic_\u00a9ADAGP-VEVER-2026-1-scaled.jpg","type":"image\/jpeg"}],"author":"Manon Jaouen","twitter_card":"summary_large_image","twitter_misc":{"Written by":"Manon Jaouen","Est. reading time":"6 minutes"},"schema":{"@context":"https:\/\/schema.org","@graph":[{"@type":"Article","@id":"https:\/\/projetcoal.org\/en\/prize\/the-artists-nominated-for-the-coal-student-prize\/#article","isPartOf":{"@id":"https:\/\/projetcoal.org\/en\/prize\/the-artists-nominated-for-the-coal-student-prize\/"},"author":{"name":"Manon Jaouen","@id":"https:\/\/projetcoal.org\/en\/#\/schema\/person\/c82d4adc59f1eeef1ecd185dcc47f150"},"headline":"THE ARTISTS NOMINATED FOR THE COAL STUDENT PRIZE","datePublished":"2026-09-04T10:14:26+00:00","dateModified":"2026-09-04T14:10:19+00:00","mainEntityOfPage":{"@id":"https:\/\/projetcoal.org\/en\/prize\/the-artists-nominated-for-the-coal-student-prize\/"},"wordCount":8,"publisher":{"@id":"https:\/\/projetcoal.org\/en\/#organization"},"image":{"@id":"https:\/\/projetcoal.org\/en\/prize\/the-artists-nominated-for-the-coal-student-prize\/#primaryimage"},"thumbnailUrl":"https:\/\/projetcoal.org\/wp-content\/uploads\/2026\/02\/CAPUCINE-VEVER_UN-JOUR-EN-MA-PRESENCE_nividic_\u00a9ADAGP-VEVER-2026-1-scaled.jpg","articleSection":["COAL PRIZE 2026","COAL PRIZE","COAL Prize","COAL Student Prize"],"inLanguage":"en-US"},{"@type":"WebPage","@id":"https:\/\/projetcoal.org\/en\/prize\/the-artists-nominated-for-the-coal-student-prize\/","url":"https:\/\/projetcoal.org\/en\/prize\/the-artists-nominated-for-the-coal-student-prize\/","name":"THE ARTISTS NOMINATED FOR THE COAL STUDENT PRIZE - COAL","isPartOf":{"@id":"https:\/\/projetcoal.org\/en\/#website"},"primaryImageOfPage":{"@id":"https:\/\/projetcoal.org\/en\/prize\/the-artists-nominated-for-the-coal-student-prize\/#primaryimage"},"image":{"@id":"https:\/\/projetcoal.org\/en\/prize\/the-artists-nominated-for-the-coal-student-prize\/#primaryimage"},"thumbnailUrl":"https:\/\/projetcoal.org\/wp-content\/uploads\/2026\/02\/CAPUCINE-VEVER_UN-JOUR-EN-MA-PRESENCE_nividic_\u00a9ADAGP-VEVER-2026-1-scaled.jpg","datePublished":"2026-09-04T10:14:26+00:00","dateModified":"2026-09-04T14:10:19+00:00","description":"Three students from French art and cultural institutions have also been nominated for the seventh edition of the COAL Student Prize, in partnership with R\u00e9serves Naturelles de France.","breadcrumb":{"@id":"https:\/\/projetcoal.org\/en\/prize\/the-artists-nominated-for-the-coal-student-prize\/#breadcrumb"},"inLanguage":"en-US","potentialAction":[{"@type":"ReadAction","target":["https:\/\/projetcoal.org\/en\/prize\/the-artists-nominated-for-the-coal-student-prize\/"]}]},{"@type":"ImageObject","inLanguage":"en-US","@id":"https:\/\/projetcoal.org\/en\/prize\/the-artists-nominated-for-the-coal-student-prize\/#primaryimage","url":"https:\/\/projetcoal.org\/wp-content\/uploads\/2026\/02\/CAPUCINE-VEVER_UN-JOUR-EN-MA-PRESENCE_nividic_\u00a9ADAGP-VEVER-2026-1-scaled.jpg","contentUrl":"https:\/\/projetcoal.org\/wp-content\/uploads\/2026\/02\/CAPUCINE-VEVER_UN-JOUR-EN-MA-PRESENCE_nividic_\u00a9ADAGP-VEVER-2026-1-scaled.jpg","width":2560,"height":1707,"caption":"Capucine Vever, Un jour, en ma pr\u00e9sence, un mage retira l\u2019horizon tout autour de moi (nividic), 2019 S\u00e9rie photographique r\u00e9alis\u00e9e dans le cadre de la r\u00e9sidence Finis Terrae sur l\u2019\u00eele d\u2019Ouessant \u00a9ADAGP-VEVER 2026."},{"@type":"BreadcrumbList","@id":"https:\/\/projetcoal.org\/en\/prize\/the-artists-nominated-for-the-coal-student-prize\/#breadcrumb","itemListElement":[{"@type":"ListItem","position":1,"name":"COAL PRIZE","item":"https:\/\/projetcoal.org\/en\/actions\/prize\/"},{"@type":"ListItem","position":2,"name":"THE ARTISTS NOMINATED FOR THE COAL STUDENT PRIZE"}]},{"@type":"WebSite","@id":"https:\/\/projetcoal.org\/en\/#website","url":"https:\/\/projetcoal.org\/en\/","name":"COAL","description":"","publisher":{"@id":"https:\/\/projetcoal.org\/en\/#organization"},"alternateName":"Coalition pour une \u00e9cologie culturelle","potentialAction":[{"@type":"SearchAction","target":{"@type":"EntryPoint","urlTemplate":"https:\/\/projetcoal.org\/en\/?s={search_term_string}"},"query-input":{"@type":"PropertyValueSpecification","valueRequired":true,"valueName":"search_term_string"}}],"inLanguage":"en-US"},{"@type":"Organization","@id":"https:\/\/projetcoal.org\/en\/#organization","name":"COAL","alternateName":"Coalition pour une \u00e9cologie culturelle","url":"https:\/\/projetcoal.org\/en\/","logo":{"@type":"ImageObject","inLanguage":"en-US","@id":"https:\/\/projetcoal.org\/en\/#\/schema\/logo\/image\/","url":"https:\/\/projetcoal.org\/wp-content\/uploads\/2022\/11\/og.jpg","contentUrl":"https:\/\/projetcoal.org\/wp-content\/uploads\/2022\/11\/og.jpg","width":1200,"height":630,"caption":"COAL"},"image":{"@id":"https:\/\/projetcoal.org\/en\/#\/schema\/logo\/image\/"},"sameAs":["https:\/\/www.facebook.com\/coalparis\/","https:\/\/www.instagram.com\/coal_art.ecologie\/"]},{"@type":"Person","@id":"https:\/\/projetcoal.org\/en\/#\/schema\/person\/c82d4adc59f1eeef1ecd185dcc47f150","name":"Manon Jaouen","image":{"@type":"ImageObject","inLanguage":"en-US","@id":"https:\/\/projetcoal.org\/en\/#\/schema\/person\/image\/","url":"https:\/\/secure.gravatar.com\/avatar\/b0225c5f06182b0724bbb5e4dbb759b3?s=96&d=mm&r=g","contentUrl":"https:\/\/secure.gravatar.com\/avatar\/b0225c5f06182b0724bbb5e4dbb759b3?s=96&d=mm&r=g","caption":"Manon Jaouen"},"url":"https:\/\/projetcoal.org\/en\/author\/manonprojetcoal-fr\/"}]}},"_links":{"self":[{"href":"https:\/\/projetcoal.org\/en\/wp-json\/wp\/v2\/posts\/38894","targetHints":{"allow":["GET"]}}],"collection":[{"href":"https:\/\/projetcoal.org\/en\/wp-json\/wp\/v2\/posts"}],"about":[{"href":"https:\/\/projetcoal.org\/en\/wp-json\/wp\/v2\/types\/post"}],"author":[{"embeddable":true,"href":"https:\/\/projetcoal.org\/en\/wp-json\/wp\/v2\/users\/4"}],"replies":[{"embeddable":true,"href":"https:\/\/projetcoal.org\/en\/wp-json\/wp\/v2\/comments?post=38894"}],"version-history":[{"count":0,"href":"https:\/\/projetcoal.org\/en\/wp-json\/wp\/v2\/posts\/38894\/revisions"}],"wp:featuredmedia":[{"embeddable":true,"href":"https:\/\/projetcoal.org\/en\/wp-json\/wp\/v2\/media\/38154"}],"wp:attachment":[{"href":"https:\/\/projetcoal.org\/en\/wp-json\/wp\/v2\/media?parent=38894"}],"wp:term":[{"taxonomy":"category","embeddable":true,"href":"https:\/\/projetcoal.org\/en\/wp-json\/wp\/v2\/categories?post=38894"},{"taxonomy":"post_tag","embeddable":true,"href":"https:\/\/projetcoal.org\/en\/wp-json\/wp\/v2\/tags?post=38894"}],"curies":[{"name":"wp","href":"https:\/\/api.w.org\/{rel}","templated":true}]}}